{"provider_url": "https://www.adamantina.sp.leg.br", "title": "Resumo 26\u00aa Sess\u00e3o Ordin\u00e1ria", "html": "<p style=\"text-align: justify; \">Ontem, 04, esta Casa de Leis realizou a 26\u00aa Sess\u00e3o Ordin\u00e1ria.</p>\r\n<p style=\"text-align: justify; \">Conforme <a class=\"external-link\" href=\"https://sapl.adamantina.sp.leg.br/media/sapl/public/materialegislativa/2022/13666/circular_018_-_26a_sessao_ordinaria.pdf\" target=\"_blank\" title=\"\">Circular n\u00ba 018/2022</a> foram apreciados e votados os projetos como segue:\u00a0</p>\r\n<p style=\"text-align: justify; \"><b><span>EM SEGUNDA DISCUSS\u00c3O E REDA\u00c7\u00c3O FINAL</span></b></p>\r\n<p style=\"text-align: justify; \"><b>* <a class=\"external-link\" href=\"https://sapl.adamantina.sp.leg.br/media/sapl/public/materialegislativa/2022/13526/pl_020_m_024_-__dispoe_sobre_inovacao_tecnologica.pdf\" target=\"_blank\" title=\"\">Projeto de Lei n\u00ba 020/2022</a></b><span> \u2013 PM \u2013 que \u201cDisp\u00f5e sobre o \u201cPrograma de Incentivo \u00e0 Inova\u00e7\u00e3o Cient\u00edfica, Tecnol\u00f3gica e Sustent\u00e1vel de Adamantina\u201d e d\u00e1 outras provid\u00eancias.\u201d</span></p>\r\n<p style=\"text-align: justify; \"><b>* <a class=\"external-link\" href=\"https://sapl.adamantina.sp.leg.br/media/sapl/public/materialegislativa/2022/13520/plc_004_m_019_-__autorizacao_para_alienacao_de_imovel_-_imoveis_av._francisco_bellusci_e_rio_branco.pdf\" target=\"_blank\" title=\"\">Projeto de Lei Complementar n\u00ba 004/2022</a></b><a class=\"external-link\" href=\"https://sapl.adamantina.sp.leg.br/media/sapl/public/materialegislativa/2022/13520/plc_004_m_019_-__autorizacao_para_alienacao_de_imovel_-_imoveis_av._francisco_bellusci_e_rio_branco.pdf\" target=\"_blank\" title=\"\"> </a>\u2013 PM \u2013 que \u201cDisp\u00f5e sobre a autoriza\u00e7\u00e3o para o Poder Executivo <i>alienar bens im\u00f3veis</i>, mediante Processo Licitat\u00f3rio, para a capta\u00e7\u00e3o de recursos financeiros que ser\u00e3o reinvestidos em novos bens patrimoniais, e d\u00e1 outras provid\u00eancias\u201d.</p>\r\n<p style=\"text-align: justify; \">Os projetos foram aprovados por unanimidade.</p>\r\n<p style=\"text-align: justify; \">Ainda, foram apresentados\u00a0<strong>8 Requerimentos</strong>,\u00a0<strong>33 Indica\u00e7\u00f5es<em>\u00a0</em></strong>e\u00a0<strong>2 Mo\u00e7\u00f5es de Congratula\u00e7\u00f5es e Aplausos</strong>.</p>\r\n<p style=\"text-align: justify; \"><span>A reuni\u00e3o contou com a presen\u00e7a de todos os vereadores</span></p>\r\n<p style=\"text-align: justify; \"><span>Assista na \u00edntegra a sess\u00e3o em nossa p\u00e1gina no\u00a0</span>Facebook\u00a0- <a class=\"external-link\" href=\"https://www.facebook.com/CamaraAdamantina/videos/981475089398141\" target=\"_blank\" title=\"\">parte 1</a> - <a class=\"external-link\" href=\"https://www.facebook.com/CamaraAdamantina/videos/947014992675399\" target=\"_blank\" title=\"\">parte 2</a> .</p>\r\n<p>A 27\u00aa Sess\u00e3o Ordin\u00e1ria realizar-se-\u00e1 no dia 18 de abril de 2022.</p>\r\n<p>Toda comunidade \u00e9 convidada a acompanhar as sess\u00f5es ao vivo pelo\u00a0<a class=\"external-link\" href=\"https://www.facebook.com/CamaraAdamantina\" target=\"_blank\" title=\"\">facebook</a>,\u00a0bem como pela\u00a0R\u00e1dio Cultura, 99,3 FM, Radio Joia 93,7 FM e TV Cidade.</p>", "author_name": "", "version": "1.0", "author_url": "https://www.adamantina.sp.leg.br/author/adm", "provider_name": "C\u00e2mara Municipal de Adamantina", "type": "rich"}