{"provider_url": "https://www.adamantina.sp.leg.br", "title": "Resumo 26\u00aa Sess\u00e3o Ordin\u00e1ria", "html": "<p style=\"text-align: justify; \">Ontem, a C\u00e2mara Municipal de Adamantina realizou a 26\u00aa Sess\u00e3o Ordin\u00e1ria, foram apreciados, <strong>EM SEGUNDA DISCUSS\u00c3O E REDA\u00c7\u00c3O FINAL</strong> os projetos abaixo</p>\r\n<p style=\"text-align: justify; \"><b><span>* Projeto de Lei n\u00ba 005/18</span></b> \u2013 PM \u2013 que \u201cDisp\u00f5e sobre a concess\u00e3o do Aux\u00edlio Transporte aos Estagi\u00e1rios da Prefeitura do Munic\u00edpio de Adamantina e do Centro Universit\u00e1rio de Adamantina \u2013 UNIFAI.\u201d</p>\r\n<p style=\"text-align: justify; \"><b><span>* Projeto de Lei Complementar n\u00ba 002/18</span></b> \u2013 PM \u2013 que \u201cDisp\u00f5e sobre o Reajuste dos Vencimentos, Proventos e Pens\u00f5es dos Servidores P\u00fablicos Ativos e Inativos do Poder Executivo do Munic\u00edpio de Adamantina e do Centro Universit\u00e1rio de Adamantina \u2013 UNIFAI.\u201d</p>\r\n<p style=\"text-align: justify; \">Os mesmos foram aprovados por unanimidade.</p>\r\n<p style=\"text-align: justify; \">Foram ainda apresentados\u00a0<strong>11 Requerimentos</strong>,\u00a0<strong>42 Indica\u00e7\u00f5es</strong>, e <b>2 Mo\u00e7\u00f5es de Congratula\u00e7\u00f5es e Aplausos</b>.</p>\r\n<p style=\"text-align: justify; \">A reuni\u00e3o contou com a presen\u00e7a de todos os vereadores, imprensa escrita e falada e membros da comunidade local.</p>", "author_name": "adt", "version": "1.0", "author_url": "https://www.adamantina.sp.leg.br/author/adt", "provider_name": "C\u00e2mara Municipal de Adamantina", "type": "rich"}