{"provider_url": "https://www.adamantina.sp.leg.br", "title": "Resumo - 26\u00aa e 27\u00aa Sess\u00f5es Extraordin\u00e1rias", "html": "<p style=\"text-align: justify; \">Esta Casa de Leis realizou a 26\u00aa Sess\u00e3o Extraordin\u00e1ria no dia 25 de mar\u00e7o deste ano. Na pauta do dia foi colocado em vota\u00e7\u00e3o o\u00a0<b><span>Projeto de Lei Complementar n\u00ba 002/19</span></b> \u2013 PM \u2013 que \u201cDisp\u00f5e sobre a Revis\u00e3o Geral Anual e o Reajuste dos Vencimentos, Proventos e Pens\u00f5es dos Servidores P\u00fablicos Ativos e Inativos do Poder Executivo do Munic\u00edpio de Adamantina e do Centro Universit\u00e1rio de Adamantina \u2013 UNIFAI.\u201d, o mesmo foi aprovado por unanimidade em Primeira Discuss\u00e3o.</p>\r\n<p style=\"text-align: justify; \">No dia seguinte, 26, foi realizada a 27\u00aa Sess\u00e3o Extraordin\u00e1ria tendo na pauta do dia o mesmo projeto da Sess\u00e3o anterior\u00a0<span>o\u00a0</span><b>Projeto de Lei Complementar n\u00ba 002/19</b> de autoria do Prefeito Municipal, o mesmo\u00a0foi aprovado por unanimidade em Segunda Discuss\u00e3o e Reda\u00e7\u00e3o Final.</p>", "author_name": "adt", "version": "1.0", "author_url": "https://www.adamantina.sp.leg.br/author/adt", "provider_name": "C\u00e2mara Municipal de Adamantina", "type": "rich"}