{"provider_url": "https://www.adamantina.sp.leg.br", "title": "Resumo 25\u00aa Sess\u00e3o Ordin\u00e1ria", "html": "<p style=\"text-align: justify; \"><span>Ontem, 21, a C\u00e2mara Municipal de Adamantina realizou a 25\u00aa Sess\u00e3o Ordin\u00e1ria desta Legislatura.</span></p>\r\n<p style=\"text-align: justify; \">Conforme <a class=\"external-link\" href=\"https://sapl.adamantina.sp.leg.br/media/sapl/public/materialegislativa/2022/13613/circular_015_-_25a_ordinaria.pdf\" target=\"_blank\" title=\"\">Circular n\u00ba 015/2022</a> foram\u00a0apreciados na Ordem do Dia os seguintes projetos:</p>\r\n<p style=\"text-align: justify; \"><b>EM DISCUSS\u00c3O \u00daNICA</b><b>\u00a0</b><br /><b><a class=\"external-link\" href=\"https://sapl.adamantina.sp.leg.br/media/sapl/public/materialegislativa/2022/13567/projeto_de_resolucao_001_-_altera_resolucao_03.98.pdf\" target=\"_blank\" title=\"\">Projeto de Resolu\u00e7\u00e3o n\u00ba 001/2022</a></b><span> \u2013 Mesa da C\u00e2mara \u2013 que \u201cDisp\u00f5e sobre altera\u00e7\u00e3o do art. 3\u00ba da Resolu\u00e7\u00e3o n\u00ba 03, de 14/12/1998\u201d.</span><br /><span>\u00a0</span><br /><b>EM PRIMEIRA DISCUSS\u00c3O</b><br /><b><a class=\"external-link\" href=\"http://https://sapl.adamantina.sp.leg.br/media/sapl/public/materialegislativa/2022/13526/pl_020_m_024_-__dispoe_sobre_inovacao_tecnologica.pdf\" target=\"_blank\" title=\"\">Projeto de Lei n\u00ba 020/2022</a></b><span> \u2013 PM \u2013 que \u201cDisp\u00f5e sobre o \u201cPrograma de Incentivo \u00e0 Inova\u00e7\u00e3o Cient\u00edfica, Tecnol\u00f3gica e Sustent\u00e1vel de Adamantina\u201d e d\u00e1 outras provid\u00eancias.\u201d</span><br /><b><a class=\"external-link\" href=\"https://sapl.adamantina.sp.leg.br/media/sapl/public/materialegislativa/2022/13520/plc_004_m_019_-__autorizacao_para_alienacao_de_imovel_-_imoveis_av._francisco_bellusci_e_rio_branco.pdf\" target=\"_blank\" title=\"\">Projeto de Lei Complementar n\u00ba 004/2022</a></b><span> \u2013 PM \u2013 que \u201cDisp\u00f5e sobre a autoriza\u00e7\u00e3o para o Poder Executivo </span><i>alienar bens im\u00f3veis</i><span>, mediante Processo Licitat\u00f3rio, para a capta\u00e7\u00e3o de recursos financeiros que ser\u00e3o reinvestidos em novos bens patrimoniais, e d\u00e1 outras provid\u00eancias\u201d.</span></p>\r\n<p style=\"text-align: justify; \"><span></span>TODOS OS PROJETOS FORAM APROVADOS POR UNANIMIDADE</p>\r\n<p>Ainda, foram apresentados\u00a0<strong>15 Requerimentos</strong>, <strong>30\u00a0Indica\u00e7\u00f5es</strong>\u00a0e <strong>3\u00a0Mo\u00e7\u00f5es de Congratula\u00e7\u00f5es e Aplausos</strong>.</p>\r\n<p>A reuni\u00e3o contou com a presen\u00e7a de todos os vereadores</p>\r\n<p>Assista na \u00edntegra a sess\u00e3o em nossa p\u00e1gina no\u00a0<a class=\"external-link\" href=\"https://www.facebook.com/CamaraAdamantina/videos/364758245546952\" target=\"_blank\" title=\"\">Facebook</a>.</p>\r\n<p>A 26\u00aa Sess\u00e3o Ordin\u00e1ria realizar-se-\u00e1 no dia 04 de abril de 2022.</p>\r\n<p>Toda comunidade \u00e9 convidada a acompanhar as sess\u00f5es ao vivo pelo\u00a0<a class=\"external-link\" href=\"https://www.facebook.com/CamaraAdamantina\" target=\"_blank\" title=\"\">facebook</a>,\u00a0bem como pela\u00a0R\u00e1dio Cultura, 99,3 FM, Radio Joia 93,7 FM e TV Cidade.</p>", "author_name": "", "version": "1.0", "author_url": "https://www.adamantina.sp.leg.br/author/adm", "provider_name": "C\u00e2mara Municipal de Adamantina", "type": "rich"}