{"provider_url": "https://www.adamantina.sp.leg.br", "title": "Resumo 25\u00aa Sess\u00e3o Extraordin\u00e1ria", "html": "<p style=\"text-align: justify; \">No \u00faltimo dia 23, quarta-feira, esta C\u00e2mara Municipal realizou a 25\u00aa Sess\u00e3o Extraordin\u00e1ria desta Legislatura.</p>\r\n<p style=\"text-align: justify; \">Conforme Circular n\u00ba 054/2022 foram apreciados e votados os projetos como segue:</p>\r\n<p style=\"text-align: justify; \"><b><span><br /></span></b></p>\r\n<p style=\"text-align: justify; \"><b><span>EM DISCUSS\u00c3O \u00daNICA</span></b></p>\r\n<p style=\"text-align: justify; \"><b>Projeto de Lei n\u00ba 083/2022</b><span> \u2013 PM \u2013 que \u201cDisp\u00f5e sobre concess\u00e3o de subven\u00e7\u00f5es, aux\u00edlios, contribui\u00e7\u00f5es e conv\u00eanios, termo de colabora\u00e7\u00e3o/fomento\u201d.</span></p>\r\n<p style=\"text-align: justify; \"><b><span>Projeto de Lei n\u00ba 084/2022</span></b> \u2013 PM \u2013 que \u201cDisp\u00f5e sobre autoriza\u00e7\u00e3o para a Prefeitura do Munic\u00edpio de Adamantina abrir cr\u00e9dito adicional e repassar \u00e0 Associa\u00e7\u00e3o Lar S\u00e3o Francisco de Assis na Provid\u00eancia de Deus \u2013 Santa Casa de Adamantina, aux\u00edlio financeiro e emergencial e d\u00e1 outras provid\u00eancias\u201d.</p>\r\n<p style=\"text-align: justify; \"><b><span>Projeto de Lei n\u00ba 089/2022</span></b> \u2013 PM \u2013 que \u201cDisp\u00f5e sobre autoriza\u00e7\u00e3o para o Centro Universit\u00e1rio de Adamantina \u2013 UNIFAI abrir cr\u00e9dito suplementar e repassar \u00e0 Associa\u00e7\u00e3o Lar S\u00e3o Francisco de Assis na Provid\u00eancia de Deus e d\u00e1 outras provid\u00eancias\u201d.</p>\r\n<p style=\"text-align: justify; \"><span>Todos os projetos foram aprovados por unanimidade.</span></p>\r\n<p>Assista na \u00edntegra a sess\u00e3o em nossa p\u00e1gina no <a class=\"external-link\" href=\"https://www.youtube.com/watch?v=vPsRLTeYf08\" target=\"_blank\" title=\"\">YouTube</a>.</p>\r\n<p>Toda comunidade \u00e9 convidada a acompanhar as sess\u00f5es ao vivo pelo\u00a0<a class=\"external-link\" href=\"https://www.facebook.com/CamaraAdamantina\" target=\"_blank\" title=\"\">facebook</a>,\u00a0bem como pela\u00a0R\u00e1dio Cultura, 99,3 FM, TV Cidade e nosso canal no\u00a0<a class=\"external-link\" href=\"https://www.youtube.com/channel/UCzAAhbjCyaxL-tD4m-Zsd-g\" target=\"_blank\" title=\"\">Youtube</a>.</p>", "author_name": "", "version": "1.0", "author_url": "https://www.adamantina.sp.leg.br/author/adm", "provider_name": "C\u00e2mara Municipal de Adamantina", "type": "rich"}