{"provider_url": "https://www.adamantina.sp.leg.br", "title": "Resumo 25\u00aa Sess\u00e3o Extraordin\u00e1ria", "html": "<p style=\"text-align: justify; \">Na \u00faltima segunda-feira, 11, esta Casa de Leis realizou a 25\u00aa Sess\u00e3o Extraordin\u00e1ria.</p>\r\n<p style=\"text-align: justify; \">Conforme Circular n\u00ba 003/19 foram apreciados e votados os projetos como segue:</p>\r\n<p style=\"text-align: justify; \"><b><span>Projeto de Lei n\u00ba 001/19</span></b> \u2013 PM \u2013 que \u201cDisp\u00f5e sobre autoriza\u00e7\u00e3o para a Prefeitura do Munic\u00edpio de Adamantina realizar a abertura de cr\u00e9dito adicional suplementar e repassar ao Lar Crist\u00e3o de Adamantina (R$ 100.000,00) e \u00e0 Cl\u00ednica de Repouso Nosso Lar (R$15.000,00), sob a forma de subven\u00e7\u00e3o social, recursos financeiros e d\u00e1 outras provid\u00eancias.\u201d\u00a0<strong> (Aprovado por unanimidade em Discuss\u00e3o \u00danica)</strong></p>\r\n<p style=\"text-align: justify; \"><b><span>Projeto de Lei n\u00ba 002/19</span></b> \u2013 PM \u2013 que \u201cDisp\u00f5e sobre autoriza\u00e7\u00e3o para abertura de cr\u00e9dito adicional especial ao Or\u00e7amento da Prefeitura do Munic\u00edpio de Adamantina no valor de R$ 160.000,00 e d\u00e1 outras provid\u00eancias, para refor\u00e7o do or\u00e7amento da UNIFAI para pagamento de di\u00e1rias aos servidores p\u00fablicos.\u201d\u00a0<strong>(Aprovado por unanimidade em Discuss\u00e3o \u00danica)</strong></p>\r\n<p style=\"text-align: justify; \"><b><span>Projeto de Lei n\u00ba 003/19</span></b> \u2013 PM \u2013 que \u201cAutoriza o Poder Executivo Municipal a celebrar conv\u00eanio com as Prefeituras dos munic\u00edpios de Luc\u00e9lia e Mari\u00e1polis para realiza\u00e7\u00e3o de Projeto intitulado inclus\u00e3o digital pra Melhor Idade e d\u00e1 outras provid\u00eancias.\u201d O referido projeto recebeu a <b><span>Emenda Modificativa n\u00ba 005/19</span></b>, de autoria dos Vereadores Ac\u00e1cio Rocha Perez Guerrero, Alcio Roberto Ikeda J\u00fanior e Eduardo Rodrigues Fiorillo.<strong>\u00a0(Colocada a Emenda em vota\u00e7\u00e3o, foi aprovada. Colocado o projeto em vota\u00e7\u00e3o, foi aprovado por unanimidade com a emenda em Discuss\u00e3o \u00danica)</strong>\u00a0</p>\r\n<p style=\"text-align: justify; \"><b><span>Projeto de Lei n\u00ba 004/19</span></b> \u2013 PM \u2013 que \u201cDisp\u00f5e sobre autoriza\u00e7\u00e3o para abertura de cr\u00e9dito adicional especial ao Or\u00e7amento da Prefeitura do Munic\u00edpio de Adamantina no valor total de R$ 2.100.000,00 (dois milh\u00f5es e cem mil reais) e d\u00e1 outras provid\u00eancias, para refor\u00e7o das dota\u00e7\u00f5es do or\u00e7amento da UNIFAI \u2013 Termo de Colabora\u00e7\u00e3o Santa Casa .\u201d\u00a0<strong>(Aprovado por unanimidade em Discuss\u00e3o \u00danica)</strong></p>\r\n<p style=\"text-align: justify; \"><b><span>Projeto de Lei n\u00ba 005/19</span></b> \u2013 PM \u2013 que \u201cDisp\u00f5e sobre autoriza\u00e7\u00e3o para abertura de cr\u00e9dito adicional especial ao Or\u00e7amento da Prefeitura do Munic\u00edpio de Adamantina no valor total de R$ 856.322,46 (oitocentos e cinquenta e seis mil, trezentos e vinte e dois reais e quarenta e seis centavos) e d\u00e1 outras provid\u00eancias, para refor\u00e7o das dota\u00e7\u00f5es do or\u00e7amento da UNIFAI - Termo de Colabora\u00e7\u00e3o Santa Casa.\u201d\u00a0<strong>(Aprovado por unanimidade em Discuss\u00e3o \u00danica)</strong></p>\r\n<p style=\"text-align: justify; \"><b><span>Projeto de Lei n\u00ba 006/19</span></b> \u2013 PM \u2013 que \u201cDisp\u00f5e sobre autoriza\u00e7\u00e3o para abertura de cr\u00e9dito suplementar ao Or\u00e7amento da Prefeitura do Munic\u00edpio de Adamantina no valor total de R$ 384.000,00 e d\u00e1 outras provid\u00eancias, objetivando refor\u00e7ar as dota\u00e7\u00f5es da Lei Or\u00e7ament\u00e1ria vigente, para constru\u00e7\u00e3o de quadra esportiva no Parque dos Pioneiros.\u201d O referido projeto recebeu a <b><span>Emenda Modificativa n\u00ba 002/19</span></b>, de autoria dos Vereadores\u00a0 Alcio Roberto Ikeda J\u00fanior, Ac\u00e1cio Rocha Perez Guerrero e Eduardo Rodrigues Fiorillo. <strong>Colocada a Emenda em vota\u00e7\u00e3o, foi aprovada. Colocado o projeto em vota\u00e7\u00e3o, foi aprovado por unanimidade com a emenda em Discuss\u00e3o \u00danica. </strong></p>\r\n<p style=\"text-align: justify; \"><b><span>Projeto de Lei n\u00ba 007/19</span></b> \u2013 PM \u2013 que \u201cDisp\u00f5e sobre autoriza\u00e7\u00e3o para abertura de cr\u00e9dito suplementar ao Or\u00e7amento da Prefeitura do Munic\u00edpio de Adamantina no valor total de R$ 110.000,00 e d\u00e1 outras provid\u00eancias, para reforma do Pa\u00e7o Municipal.\u201d O referido projeto recebeu a <b><span>Emenda Modificativa n\u00ba 003/19</span></b>, de autoria dos Vereadores\u00a0 Alcio Roberto Ikeda J\u00fanior, Ac\u00e1cio Rocha Perez Guerrero e Eduardo Rodrigues Fiorillo. Colocada a Emenda em vota\u00e7\u00e3o, foi aprovada.\u00a0<strong>(Aprovado por unanimidade em Discuss\u00e3o \u00danica)</strong></p>\r\n<p style=\"text-align: justify; \"><b><span>Projeto de Lei n\u00ba 008/19</span></b> \u2013 PM \u2013 que \u201cDisp\u00f5e sobre autoriza\u00e7\u00e3o para a Prefeitura do Munic\u00edpio de Adamantina repassar \u00e0 Cl\u00ednica de Repouso Nosso Lar, recursos financeiros provenientes da emenda federal e d\u00e1 outras provid\u00eancias no valor de R$250.000,00.\u201d O referido projeto recebeu a <b><span>Emenda Modificativa n\u00ba 004/19</span></b>, de autoria dos Vereadores\u00a0 Alcio Roberto Ikeda J\u00fanior, Ac\u00e1cio Rocha Perez Guerrero e Eduardo Rodrigues Fiorillo. Colocada a Emenda em vota\u00e7\u00e3o, foi aprovada. <strong>(Colocado o projeto em vota\u00e7\u00e3o, foi aprovado por unanimidade com a emenda em Discuss\u00e3o \u00danica)</strong></p>\r\n<p style=\"text-align: justify; \"><b><span>Projeto de Lei n\u00ba 010/19</span></b> \u2013 PM \u2013 que \u201cDisp\u00f5e sobre a altera\u00e7\u00e3o da Lei n\u00ba 3.869, de 14 de dezembro de 2018, que disp\u00f5e sobre concess\u00e3o de subven\u00e7\u00f5es, aux\u00edlios, contribui\u00e7\u00f5es e conv\u00eanios, termo de colabora\u00e7\u00e3o/fomento, devido \u00e0 extin\u00e7\u00e3o da Associa\u00e7\u00e3o Beija-Flor do Jardim Brasil, a ser repassado \u00e0 Casa do Garoto.\u201d\u00a0<strong>(Aprovado por unanimidade em Discuss\u00e3o \u00danica)</strong></p>\r\n<p style=\"text-align: justify; \">A reuni\u00e3o contou com a presen\u00e7a de todos os vereadores.</p>", "author_name": "adt", "version": "1.0", "author_url": "https://www.adamantina.sp.leg.br/author/adt", "provider_name": "C\u00e2mara Municipal de Adamantina", "type": "rich"}