{"provider_url": "https://www.adamantina.sp.leg.br", "title": "Resumo 24\u00aa Sess\u00e3o Ordin\u00e1ria", "html": "<p style=\"text-align: justify; \">Ontem, 19, esta Casa de Leis realizou a 24\u00aa Sess\u00e3o Ordin\u00e1ria desta Legislatura. Foram apresentados e votados\u00a0<strong>38 Indica\u00e7\u00f5es</strong>,\u00a0<strong>23 Requerimentos</strong> e\u00a0<strong>1 Mo\u00e7\u00e3o de Congratula\u00e7\u00f5es e Aplausos</strong>.</p>\r\n<p style=\"text-align: justify; \">Ainda, conforme Circular n\u00ba 003/18, foram apreciados os projetos abaixo:</p>\r\n<p style=\"text-align: center; \"><b>**********\u00a0</b><span><b>EM DISCUSS\u00c3O \u00daNICA **********</b></span></p>\r\n<p style=\"text-align: justify; \"><span>*\u00a0</span><b>Projeto de Lei n\u00ba 069/17</b><span> \u2013 PM \u2013 que \u201cDisp\u00f5e sobre autoriza\u00e7\u00e3o para a Prefeitura do Munic\u00edpio de Adamantina realizar a abertura de cr\u00e9dito adicional especial.\u201d (no valor de R$ 296.000,00, para ades\u00e3o ao Programa Frota Nova Munic\u00edpios)</span></p>\r\n<p style=\"text-align: justify; \"><b><span>* Projeto de Lei n\u00ba 002/18</span></b> \u2013 PM \u2013 que \u201cAltera o artigo 3\u00ba da Lei Municipal n\u00ba 3.368, de 14 de setembro de 2009, que estrutura o Conselho Municipal de Pol\u00edtica Urbana de Adamantina e d\u00e1 outras provid\u00eancias.\u201d (altera\u00e7\u00e3o de Secretaria de Assuntos Jur\u00eddicos para Procuradoria do Munic\u00edpio)</p>\r\n<p style=\"text-align: justify; \"><b><span>* Projeto de Lei n\u00ba 003/18</span></b> \u2013 PM \u2013 que \u201cDisp\u00f5e sobre autoriza\u00e7\u00e3o para abertura de cr\u00e9dito adicional especial ao or\u00e7amento da Prefeitura do Munic\u00edpio de Adamantina no valor total de R$ 80.000,00 e d\u00e1 outras provid\u00eancias.\u201d (objetivando a correta aloca\u00e7\u00e3o dos recursos dos NASF em virtude do Processo Seletivo para contrata\u00e7\u00e3o de profissionais)</p>\r\n<p style=\"text-align: justify; \"><b><span>* Projeto de Lei n\u00ba 004/18</span></b> \u2013 PM \u2013 que \u201cDisp\u00f5e sobre autoriza\u00e7\u00e3o para a Prefeitura do Munic\u00edpio de Adamantina realizar a abertura de cr\u00e9dito adicional especial.\u201d (no valor de 115.000,00, para a instala\u00e7\u00e3o do polo de apoio presencial para funcionamento dos cursos da UNIVESP)</p>\r\n<p style=\"text-align: center; \"><b>********** EM PRIMEIRA DISCUSS\u00c3O **********</b></p>\r\n<p style=\"text-align: justify; \"><b>* Projeto de Lei n\u00ba 066/17</b><span> \u2013 PM \u2013 que \u201cDisp\u00f5e sobre a cria\u00e7\u00e3o da Ouvidoria do Munic\u00edpio de Adamantina e d\u00e1 outras provid\u00eancias.\u201d</span></p>\r\n<p style=\"text-align: justify; \"><b><span>* Projeto de Lei Complementar n\u00ba 001/18</span></b> \u2013 PM \u2013 que \u201cDisp\u00f5e sobre autoriza\u00e7\u00e3o para o Chefe do Poder Executivo alienar, por doa\u00e7\u00e3o, \u00e0 empresa BONANI &amp; OLIVEIRA ADAMANTINA ME o im\u00f3vel que especifica.\u201d</p>\r\n<p style=\"text-align: justify; \">* <strong>TODOS OS PROJETOS FORAM APROVADOS POR UNANIMIDADE CONFORME AS RESPECTIVAS DISCUSS\u00d5ES</strong>.</p>\r\n<p style=\"text-align: justify; \"><span>A reuni\u00e3o contou com a presen\u00e7a de todos os Vereadores, representantes da imprensa escrita e falada e membros da comunidade.</span></p>\r\n<p style=\"text-align: justify; \"><span>A pr\u00f3xima Sess\u00e3o Ordin\u00e1ria, 25\u00aa, ser\u00e1 realizada em 05 de mar\u00e7o, no Plen\u00e1rio Vereador Jos\u00e9 Ikeda. Toda comunidade \u00e9 convidada a comparecer, ou ouvir pelas R\u00e1dio Joia e LIFE.</span></p>", "author_name": "adt", "version": "1.0", "author_url": "https://www.adamantina.sp.leg.br/author/adt", "provider_name": "C\u00e2mara Municipal de Adamantina", "type": "rich"}