{"provider_url": "https://www.adamantina.sp.leg.br", "title": "Resumo 24\u00aa Sess\u00e3o Extraordin\u00e1ria", "html": "<p style=\"text-align: justify; \">Na \u00faltima quinta-feira, 27, a C\u00e2mara Municipal de Adamantina realizou a 24\u00aa Sess\u00e3o Extraordin\u00e1ria desta Legislatura.</p>\r\n<p style=\"text-align: justify; \">Conforme <a class=\"external-link\" href=\"https://sapl.adamantina.sp.leg.br/media/sapl/public/materialegislativa/2022/14264/circular_50.pdf\" target=\"_blank\" title=\"\">Circular n\u00ba 050/2022</a> foram apreciados e votados, em Discuss\u00e3o \u00danica os projetos abaixo:</p>\r\n<p style=\"text-align: justify; \"><b><a class=\"external-link\" href=\"https://sapl.adamantina.sp.leg.br/media/sapl/public/materialegislativa/2022/14188/37a_projeto_de_lei_068_-_m_083_-_abertura_de_credito_especial_unifai_-_r_2.000.00000_-_usina_de_energia_solar.pdf\" target=\"_blank\" title=\"\">Projeto de Lei n\u00ba 068/2022</a></b><span> \u2013 PM \u2013 que \u201cDisp\u00f5e sobre autoriza\u00e7\u00e3o para </span><i>abertura de cr\u00e9dito adicional especial </i><span>ao Or\u00e7amento da Prefeitura do Munic\u00edpio de Adamantina no valor total de R$ 2.000.000,00 (dois milh\u00f5es de reais), para atender \u00e0s despesas decorrentes de instala\u00e7\u00e3o de Usina de Minigera\u00e7\u00e3o de Energia Solar no Campus II da UNIFAI\u201d.</span></p>\r\n<p style=\"text-align: justify; \"><b><span><a class=\"external-link\" href=\"https://sapl.adamantina.sp.leg.br/media/sapl/public/materialegislativa/2022/14224/38a_projeto_de_lei_073_-_m_088_-_abertura_de_credito_r_600.00000_-_saude.pdf\" target=\"_blank\" title=\"\">Projeto de Lei n\u00ba 073/2022</a></span></b> \u2013 PM \u2013 que \u201cDisp\u00f5e sobre autoriza\u00e7\u00e3o para <i>abertura de cr\u00e9dito adicional suplementar </i>ao Or\u00e7amento da Prefeitura do Munic\u00edpio de Adamantina no valor total de R$ 600.000,00 e d\u00e1 outras provid\u00eancias, para custeio das Unidades B\u00e1sicas de Sa\u00fade do Munic\u00edpio\u201d.</p>\r\n<p style=\"text-align: justify; \"><b><span><a class=\"external-link\" href=\"https://sapl.adamantina.sp.leg.br/media/sapl/public/materialegislativa/2022/14225/38a_projeto_de_lei_074_-_m_089_-_autoriza_despesa_de_agua_e_energia_centros_comunitarios_pos_pandemia.pdf\" target=\"_blank\" title=\"\">Projeto de Lei n\u00ba 074/2022</a></span></b> \u2013 PM \u2013 que \u201cDisp\u00f5e sobre autoriza\u00e7\u00e3o para que a Prefeitura do Munic\u00edpio de Adamantina possa arcar com as despesas de \u00e1gua/esgoto e energia el\u00e9trica dos Centros Comunit\u00e1rios instalados do Munic\u00edpio e d\u00e1 outras provid\u00eancias\u201d.</p>\r\n<p style=\"text-align: justify; \"><b><span><a class=\"external-link\" href=\"https://sapl.adamantina.sp.leg.br/media/sapl/public/materialegislativa/2022/14226/38a_projeto_de_lei_075_-_m_090_-_autoriza_repassar_para_diversas_entidades_500_000_proprio.pdf\" target=\"_blank\" title=\"\">Projeto de Lei n\u00ba 075/2022</a></span></b> \u2013 PM \u2013 que \u201cDisp\u00f5e sobre autoriza\u00e7\u00e3o para a Prefeitura do Munic\u00edpio de Adamantina abrir cr\u00e9dito adicional no valor de R$ 500.000,00 e repassar \u00e0s entidades recurso complementar ao subsidio no valor de R$ 50.000,00 para cada entidade e d\u00e1 outras provid\u00eancias\u201d.</p>\r\n<p style=\"text-align: justify; \">Todos os projetos foram aprovados por unanimidade.</p>\r\n<p>Assista na \u00edntegra a sess\u00e3o em nossa p\u00e1gina no\u00a0<a class=\"external-link\" href=\"https://www.facebook.com/CamaraAdamantina/videos/667094298159536/\" target=\"_blank\" title=\"\">Facebook</a>.</p>\r\n<p>Toda comunidade \u00e9 convidada a acompanhar as sess\u00f5es ao vivo pelo\u00a0<a class=\"external-link\" href=\"https://www.facebook.com/CamaraAdamantina\" target=\"_blank\" title=\"\">facebook</a>,\u00a0bem como pela\u00a0R\u00e1dio Cultura, 99,3 FM, TV Cidade e nosso canal no\u00a0<a class=\"external-link\" href=\"https://www.youtube.com/channel/UCzAAhbjCyaxL-tD4m-Zsd-g\" target=\"_blank\" title=\"\">Youtube</a>.</p>", "author_name": "", "version": "1.0", "author_url": "https://www.adamantina.sp.leg.br/author/adm", "provider_name": "C\u00e2mara Municipal de Adamantina", "type": "rich"}