{"provider_url": "https://www.adamantina.sp.leg.br", "title": "Resumo 24\u00aa Sess\u00e3o Extraordin\u00e1ria", "html": "<p style=\"text-align: justify; \">Ontem, 12, esta Casa de Leis realizou a 23\u00aa Sess\u00e3o Extraordin\u00e1ria, e conforme Circular 058/19 foram apresentados os projetos como segue:</p>\r\n<p style=\"text-align: center; \"><b>********** EM DISCUSS\u00c3O \u00daNICA *********</b></p>\r\n<p style=\"text-align: justify; \">\u00a0</p>\r\n<p style=\"text-align: justify; \"><b><span>Projeto de Lei n\u00ba 074/18</span></b> \u2013 PM \u2013 que \u201cDisp\u00f5e sobre autoriza\u00e7\u00e3o para que o Centro Universit\u00e1rio de Adamantina \u2013 UNIFAI possa conceder abono especial aos servidores da institui\u00e7\u00e3o e d\u00e1 outras provid\u00eancias.\u201d</p>\r\n<p style=\"text-align: justify; \"><b><span>Projeto de Lei Complementar n\u00ba 024/18</span></b> \u2013 PM \u2013 que \u201cDisp\u00f5e sobre a altera\u00e7\u00e3o da Lei Complementar n\u00ba 260, de 25 de abril de 2016, que disp\u00f5e sobre a autoriza\u00e7\u00e3o para que o Chefe do Poder Executivo possa efetuar a complementa\u00e7\u00e3o salarial para os Agentes Comunit\u00e1rios de Sa\u00fade e Agentes de Controle de Vetores, vinculado ao repasse do Governo Federal.\u201d</p>\r\n<p style=\"text-align: justify; \">OS PROJETOS FORAM APROVADOS POR UNANIMIDADE.</p>\r\n<p style=\"text-align: justify; \">Estiveram presentes os Vereadores, representantes da imprensa escrita e falada e membros da comunidade.</p>", "author_name": "adt", "version": "1.0", "author_url": "https://www.adamantina.sp.leg.br/author/adt", "provider_name": "C\u00e2mara Municipal de Adamantina", "type": "rich"}