{"provider_url": "https://www.adamantina.sp.leg.br", "title": "Resumo 23\u00aa Sess\u00e3o Ordin\u00e1ria", "html": "<p style=\"text-align: justify; \"><strong>Ontem, 05, esta Casa de Leis realizou a\u00a0 23\u00aa Sess\u00e3o Ordin\u00e1ria.</strong></p>\r\n<p style=\"text-align: justify; \"><strong>Foram apresentados <span>19 Requerimentos</span>, em sua maioria solicitando recursos financeiros ao Munic\u00edpio; <span>49 Indica\u00e7\u00f5es</span>, maior parte requisitando melhorias \u00e0 cidade e <span>1 Mo\u00e7\u00e3o de\u00a0 Congratula\u00e7\u00e3o e Aplauso</span>.</strong></p>\r\n<p style=\"text-align: justify; \"><strong>A reuni\u00e3o contou com a presen\u00e7a de todos os vereadores, imprensa escrita e falada e membros da comunidade adamantinense.</strong></p>\r\n<p style=\"text-align: justify; \"><strong>A pr\u00f3xima Sess\u00e3o Ordin\u00e1ria, 24\u00aa, ser\u00e1 realizada em 19 de fevereiro. Toda a comunidade \u00e9 convidada a acompanhar pessoalmente ou pelas R\u00e1dios\u00a0R\u00e1dio Joia, Life FM.\u00a0</strong></p>", "author_name": "adt", "version": "1.0", "author_url": "https://www.adamantina.sp.leg.br/author/adt", "provider_name": "C\u00e2mara Municipal de Adamantina", "type": "rich"}