{"provider_url": "https://www.adamantina.sp.leg.br", "title": "Resumo 23\u00aa Sess\u00e3o Extraordin\u00e1ria.", "html": "<p style=\"text-align: justify; \">Hoje, esta Casa de Leis realizou a 23\u00aa Sess\u00e3o Extraordin\u00e1ria desta Legislatura.</p>\r\n<p style=\"text-align: justify; \">Conforme <a class=\"external-link\" href=\"https://sapl.adamantina.sp.leg.br/media/sapl/public/materialegislativa/2022/14222/23a_extra.pdf\" target=\"_self\" title=\"\">Circular n\u00ba 047/2022</a> foram apreciados e votados os projetos como segue:</p>\r\n<p style=\"text-align: justify; \"><b><span><br /></span></b></p>\r\n<p style=\"text-align: justify; \"><b><span>EM SEGUNDA DISCUSS\u00c3O E REDA\u00c7\u00c3O FINAL</span></b></p>\r\n<p style=\"text-align: justify; \"><b><a class=\"external-link\" href=\"https://sapl.adamantina.sp.leg.br/media/sapl/public/materialegislativa/2022/14138/projeto_de_lei_060_-_altera_incisos_do_artigo_1o_da_lei_3.975_paulo_e_alcio.pdf\" target=\"_blank\" title=\"\">Projeto de Lei n\u00ba 060/2022</a></b><span> \u2013 Vereadores Paulo C\u00e9sar Cervelheira de Oliveira e Alcio Roberto Ikeda J\u00fanior \u2013 que \u201cDisp\u00f5e sobre altera\u00e7\u00e3o dos incisos I e II e cria\u00e7\u00e3o do inciso III do artigo 1\u00ba da Lei Municipal n\u00ba 3.975, de 08 de abril de 2020\u201d.</span></p>\r\n<p style=\"text-align: justify; \">\u00a0</p>\r\n<p style=\"text-align: justify; \"><b><span>EM DISCUSS\u00c3O \u00daNICA</span></b></p>\r\n<p style=\"text-align: justify; \"><b><a class=\"external-link\" href=\"https://sapl.adamantina.sp.leg.br/media/sapl/public/materialegislativa/2022/14190/projeto_de_lei_070_-_m_085_-_abertura_de_credito_r_250.00000_-_construcao_camara.pdf\" target=\"_blank\" title=\"\">Projeto de Lei n\u00ba 070/2022</a></b><span> \u2013 PM \u2013 que \u201cDisp\u00f5e sobre autoriza\u00e7\u00e3o para abertura de cr\u00e9dito especial ao Or\u00e7amento da Prefeitura do Munic\u00edpio de Adamantina no valor de R$ 250.000,00 e d\u00e1 outras provid\u00eancias.\u201d</span></p>\r\n<p style=\"text-align: justify; \">\u00a0</p>\r\n<p style=\"text-align: justify; \">TODOS OS PROJETOS FORAM APROVADOS POR UNANIMIDADE.</p>\r\n<p>A reuni\u00e3o contou com a presen\u00e7a de todos os vereadores.</p>\r\n<p>Assista na \u00edntegra a sess\u00e3o em nossa p\u00e1gina no\u00a0<a class=\"external-link\" href=\"https://www.facebook.com/CamaraAdamantina/videos/1281909675955961/\" target=\"_blank\" title=\"\">Facebook</a>.</p>\r\n<p><span>Toda comunidade \u00e9 convidada a acompanhar as sess\u00f5es ao vivo pelo\u00a0</span><a class=\"external-link\" href=\"https://www.facebook.com/CamaraAdamantina\" target=\"_blank\" title=\"\">facebook</a><span>,\u00a0bem como pela\u00a0R\u00e1dio Cultura, 99,3 FM, TV Cidade e nosso canal no\u00a0</span><a class=\"external-link\" href=\"https://www.youtube.com/channel/UCzAAhbjCyaxL-tD4m-Zsd-g\" target=\"_blank\" title=\"\">Youtube</a><span>.</span></p>", "author_name": "", "version": "1.0", "author_url": "https://www.adamantina.sp.leg.br/author/adm", "provider_name": "C\u00e2mara Municipal de Adamantina", "type": "rich"}