{"provider_url": "https://www.adamantina.sp.leg.br", "title": "Resumo 23\u00aa Sess\u00e3o Ordin\u00e1ria", "html": "<p style=\"text-align: justify; \"><span style=\"text-align: justify; \">Ontem, 21, a C\u00e2mara Municipal de Adamantina realizou a 23\u00aa Sess\u00e3o Ordin\u00e1ria desta Legislatura.</span></p>\r\n<p style=\"text-align: justify; \"><span style=\"text-align: justify; \">Conforme <a class=\"external-link\" href=\"https://sapl.adamantina.sp.leg.br/media/sapl/public/materialegislativa/2022/13521/circular_007_23a_ordinaria.pdf\" target=\"_blank\" title=\"\">Circular n\u00ba 007/2022</a> foram apreciados e votados, em Discuss\u00e3o \u00danica os projetos abaixo:</span></p>\r\n<p style=\"text-align: justify; \"><b><a class=\"external-link\" href=\"https://sapl.adamantina.sp.leg.br/media/sapl/public/materialegislativa/2022/13505/pl_003_-__m_006_-_autoriza_repassar_para_sta_casa_4_50000_covid_19.pdf\" target=\"_blank\" title=\"\">Projeto de Lei n\u00ba 003/2022</a></b><span> \u2013 PM \u2013 que \u201cDisp\u00f5e sobre autoriza\u00e7\u00e3o para a Prefeitura do Munic\u00edpio de Adamantina repassar \u00e0 Santa Casa de Miseric\u00f3rdia de Adamantina na Provid\u00eancia de Deus, aux\u00edlio financeiro e emergencial, no valor total de R$ 4.500,00 (quatro mil e quinhentos reais), e d\u00e1 outras provid\u00eancias\u201d. (APROVADO POR UNANIMIDADE)</span><span>\u00a0</span></p>\r\n<p style=\"text-align: justify; \"><b><span><a class=\"external-link\" href=\"https://sapl.adamantina.sp.leg.br/media/sapl/public/materialegislativa/2022/13506/pl_004_-_m_007_-_repasse_r44.00000__lar_cristao_de_adamantina.pdf\" target=\"_blank\" title=\"\">Projeto de Lei n\u00ba 004/2022</a></span></b> \u2013 PM \u2013 que \u201cDisp\u00f5e sobre autoriza\u00e7\u00e3o para a Prefeitura do Munic\u00edpio de Adamantina repassar recursos para o Lar Crist\u00e3o de Adamantina, no valor total de R$ 44.000,00 (quarenta quatro mil reais), \u00a0e d\u00e1 outras provid\u00eancias\u201d.\u00a0<span>(APROVADO POR UNANIMIDADE)</span><span>\u00a0</span><span>\u00a0</span></p>\r\n<p style=\"text-align: justify; \"><b><span><a class=\"external-link\" href=\"https://sapl.adamantina.sp.leg.br/media/sapl/public/materialegislativa/2022/13507/pl_005_m_008_-__repasse_r_60.00000__-_lar_dos_velhos.pdf\" target=\"_blank\" title=\"\">Projeto de Lei n\u00ba 005/2022</a></span></b> \u2013 PM \u2013 que \u201cDisp\u00f5e sobre autoriza\u00e7\u00e3o para a Prefeitura do Munic\u00edpio de Adamantina repassar recursos para o Lar dos Velhos de Adamantina Obra Unida a Sociedade de S\u00e3o Vicente de Paulo, no valor total de R$ 60.000,00 (sessenta mil reais), \u00a0e d\u00e1 outras provid\u00eancias\u201d.\u00a0<span>(APROVADO POR UNANIMIDADE)</span><span>\u00a0</span><span>\u00a0</span></p>\r\n<p style=\"text-align: justify; \"><b><span><a class=\"external-link\" href=\"https://sapl.adamantina.sp.leg.br/media/sapl/public/materialegislativa/2022/13508/pl_006_m_009_-_repasse_assistencia_r_116.02480_-__residencia_inclusiva_regional.pdf\" target=\"_blank\" title=\"\">Projeto de Lei n\u00ba 006/2022</a></span></b> \u2013 PM \u2013 que \u201cDisp\u00f5e sobre autoriza\u00e7\u00e3o para a Prefeitura do Munic\u00edpio de Adamantina repassar recursos para a ASSOCIA\u00c7\u00c3O DE PAIS E AMIGOS DO EXCEPCIONAL \u2013 APAE de Adamantina, no valor total de R$ 116.024,80 (cento e dezesseis mil, vinte e quatro reais e oitenta centavos) e d\u00e1 outras provid\u00eancias\u201d.\u00a0<span>(APROVADO POR UNANIMIDADE)</span><span>\u00a0</span><span>\u00a0</span></p>\r\n<p style=\"text-align: justify; \"><b><span><a class=\"external-link\" href=\"https://sapl.adamantina.sp.leg.br/media/sapl/public/materialegislativa/2022/13509/pl_007_m_010_-_abertura_de_credito_especial_-_euroclima_e_sec._assuntos_juridicos.pdf\" target=\"_blank\" title=\"\">Projeto de Lei n\u00ba 007/2022</a></span></b> \u2013 PM \u2013 que \u201cDisp\u00f5e sobre autoriza\u00e7\u00e3o para <i>abertura de cr\u00e9dito especial </i>ao Or\u00e7amento da Prefeitura do Munic\u00edpio de Adamantina no valor total de R$ 40.600,00\u00a0 (quarenta mil e seiscentos reais) ao programa Euroclima e d\u00e1 outras provid\u00eancias\u201d.\u00a0<span>(APROVADO POR UNANIMIDADE)</span><span>\u00a0</span><span>\u00a0</span></p>\r\n<p style=\"text-align: justify; \"><b><span><a class=\"external-link\" href=\"https://sapl.adamantina.sp.leg.br/media/sapl/public/materialegislativa/2022/13510/pl_008_m_011_-__abertura_de_credito_especial_-_programa_cozinhalimento..pdf\" target=\"_blank\" title=\"\">Projeto de Lei n\u00ba 008/2022</a></span></b> \u2013 PM \u2013 que \u201cDisp\u00f5e sobre autoriza\u00e7\u00e3o para <i>abertura de cr\u00e9dito adicional especial </i>ao Or\u00e7amento da Prefeitura do Munic\u00edpio de Adamantina no valor total de R$ 101.000,00 (cento e um mil reais) para implanta\u00e7\u00e3o da cozinha piloto do Programa Estadual Cozinhalimento e d\u00e1 outras provid\u00eancias\u201d.\u00a0<span>(APROVADO POR UNANIMIDADE)</span><span>\u00a0</span><span>\u00a0</span></p>\r\n<p style=\"text-align: justify; \"><b><span><a class=\"external-link\" href=\"https://sapl.adamantina.sp.leg.br/media/sapl/public/materialegislativa/2022/13512/pl_010_m_013_-_abertura_de_credito_especial_-_sec._de_desenvolvimento_economico.pdf\" target=\"_blank\" title=\"\">Projeto de Lei n\u00ba 010/2022</a></span></b> \u2013 PM \u2013 que \u201cDisp\u00f5e sobre autoriza\u00e7\u00e3o para <i>abertura de cr\u00e9dito especial suplementar </i>ao Or\u00e7amento da Prefeitura do Munic\u00edpio de Adamantina no valor total de R$ 239.050,00 (duzentos e trinta e nove mil e cinquenta reais) para implanta\u00e7\u00e3o da Secretaria Municipal de Desenvolvimento Econ\u00f4mico e d\u00e1 outras provid\u00eancias\u201d. (APROVADO)<span>\u00a0</span></p>\r\n<p style=\"text-align: justify; \"><b><span><a class=\"external-link\" href=\"https://sapl.adamantina.sp.leg.br/media/sapl/public/materialegislativa/2022/13513/pl_011_m_014_-_abertura_de_credito_-_reforma_do_museu_historico.pdf\" target=\"_blank\" title=\"\">Projeto de Lei n\u00ba 011/2022</a></span></b> \u2013 PM \u2013 que \u201cDisp\u00f5e sobre autoriza\u00e7\u00e3o para <i>abertura de cr\u00e9dito adicional suplementar </i>ao Or\u00e7amento da Prefeitura do Munic\u00edpio de Adamantina no valor total de R$ 210.251,76 (duzentos e dez mil, duzentos e cinquenta e um reais e setenta e seis centavos) \u00a0para execu\u00e7\u00e3o da reforma do pr\u00e9dio onde ser\u00e1 instalado o Museu Hist\u00f3rico de Adamantina e d\u00e1 outras provid\u00eancias\u201d.\u00a0<span>(APROVADO POR UNANIMIDADE)</span><span>\u00a0</span><span>\u00a0</span></p>\r\n<p style=\"text-align: justify; \"><b><span><a class=\"external-link\" href=\"https://sapl.adamantina.sp.leg.br/media/sapl/public/materialegislativa/2022/13514/pl_012_m_015_-_abertura_de_credito_-_ir_do_bem__fundo_da_crianca_e_adolescente__e_fundo_do_idoso.pdf\" target=\"_blank\" title=\"\">Projeto de Lei n\u00ba 012/2022</a></span></b> \u2013 PM \u2013 que \u201cDisp\u00f5e sobre autoriza\u00e7\u00e3o para <i>abertura de cr\u00e9dito adicional especial </i>ao Or\u00e7amento da Prefeitura do Munic\u00edpio de Adamantina no valor total de R$ 241.500,00 (duzentos e quarenta e um mil e quinhentos reais) referente ao Importo de Renda do Bem e d\u00e1 outras provid\u00eancias\u201d.\u00a0<span>(APROVADO POR UNANIMIDADE)</span><span>\u00a0</span><span>\u00a0</span></p>\r\n<p style=\"text-align: justify; \"><b><span><a class=\"external-link\" href=\"https://sapl.adamantina.sp.leg.br/media/sapl/public/materialegislativa/2022/13515/pl_013_m_016_-_abertura_de_credito_-_merenda_e_transporte_escolar.pdf\" target=\"_blank\" title=\"\">Projeto de Lei n\u00ba 013/2022</a></span></b> \u2013 PM \u2013 que \u201cDisp\u00f5e sobre autoriza\u00e7\u00e3o para <i>abertura de cr\u00e9dito adicional suplementar </i>ao Or\u00e7amento da Prefeitura do Munic\u00edpio de Adamantina no valor total de R$ 777.519,06 (setecentos e setenta e sete mil, quinhentos e dezenove reais e seis centavos) para uso da Secretaria Municipal de Educa\u00e7\u00e3o para merenda e transporte escolar d\u00e1 outras provid\u00eancias\u201d.\u00a0<span>(APROVADO POR UNANIMIDADE)</span><span>\u00a0</span><span>\u00a0</span></p>\r\n<p style=\"text-align: justify; \"><b><span><a class=\"external-link\" href=\"https://sapl.adamantina.sp.leg.br/media/sapl/public/materialegislativa/2022/13516/pl_014_m_017_-_abertura_de_credito_-_reforma_da_praca_elio_micheloni_-_recurso_mit.pdf\" target=\"_blank\" title=\"\">Projeto de Lei n\u00ba 014/2022</a></span></b> \u2013 PM \u2013 que \u201cDisp\u00f5e sobre autoriza\u00e7\u00e3o para <i>abertura de cr\u00e9dito adicional suplementar </i>ao Or\u00e7amento da Prefeitura do Munic\u00edpio de Adamantina no valor total de R$ 423.100,00 (quatrocentos e vinte e tr\u00eas mil e cem reais) para reforma da Pra\u00e7a \u00c9lio Micheloni \u2013 recursos do \u201cMIT\u201d - Munic\u00edpio de Interesse Tur\u00edstico, e d\u00e1 outras provid\u00eancias\u201d.\u00a0<span>(APROVADO POR UNANIMIDADE)</span><span>\u00a0</span><span>\u00a0</span></p>\r\n<p style=\"text-align: justify; \"><b><span><a class=\"external-link\" href=\"https://sapl.adamantina.sp.leg.br/media/sapl/public/materialegislativa/2022/13517/pl_015_m_018_-_abertura_de_credito_recapeamento_asfaltico_-_r_2.309.64322.pdf\" target=\"_blank\" title=\"\">Projeto de Lei n\u00ba 015/2022</a></span></b> \u2013 PM \u2013 que \u201cDisp\u00f5e sobre autoriza\u00e7\u00e3o para abertura de cr\u00e9dito adicional suplementar ao Or\u00e7amento da Prefeitura do Munic\u00edpio de Adamantina no valor total de R$ 2.309.643,22 (dois milh\u00f5es, trezentos e nove mil, seiscentos e quarenta e tr\u00eas reais e vinte e dois centavos) para recapeamento asf\u00e1ltico de diversas ruas e d\u00e1 outras provid\u00eancias\u201d.\u00a0<span>(APROVADO POR UNANIMIDADE)</span><span>\u00a0</span><span>\u00a0</span></p>\r\n<p style=\"text-align: justify; \"><b><span><a class=\"external-link\" href=\"https://sapl.adamantina.sp.leg.br/media/sapl/public/materialegislativa/2022/13518/pl_016_m_020-_autoriza_repassar_para_sta_casa_r_864.00000_covid_19.pdf\" target=\"_blank\" title=\"\">Projeto de Lei n\u00ba 016/2022</a></span></b> \u2013 PM \u2013 que \u201cDisp\u00f5e sobre autoriza\u00e7\u00e3o para a Prefeitura do Munic\u00edpio de Adamantina repassar \u00e0 Santa Casa de Miseric\u00f3rdia de Adamantina na Provid\u00eancia de Deus, aux\u00edlio financeiro e emergencial, no valor total de R$ 864.000,00 (oitocentos e sessenta e quatro mil reais) para custear 09 leitos de UTI Covid ao Sistema \u00danico de Sa\u00fade \u2013 SUS e d\u00e1 outras provid\u00eancias\u201d.\u00a0<span>(APROVADO POR UNANIMIDADE)</span><span>\u00a0</span><span>\u00a0</span></p>\r\n<p><b><span><a class=\"external-link\" href=\"https://sapl.adamantina.sp.leg.br/media/sapl/public/materialegislativa/2022/13519/plc_003_-_m_005_-_estrutura_administrativa_e_quadro_de_empregos_publicos.pdf\" target=\"_blank\" title=\"\">Projeto de Lei Complementar n\u00ba 003/2022</a></span></b> \u2013 PM \u2013 que \u201cDisp\u00f5e sobre a Estrutura Administrativa e quadro de empregos p\u00fablicos do munic\u00edpio de Adamantina \u00a0- corre\u00e7\u00e3o dos Anexos I, II,\u00a0 III e IV da Lei Complementar n\u00ba 389/2022 recentemente sancionada e d\u00e1 outras provid\u00eancias\u201d.\u00a0<span>(APROVADO POR UNANIMIDADE)</span><span>\u00a0</span></p>\r\n<p>Ainda, foram apresentados\u00a0<strong>11 Requerimentos\u00a0</strong>e\u00a0<strong>24 Indica\u00e7\u00f5es</strong>.</p>\r\n<p>A reuni\u00e3o contou com a presen\u00e7a de todos os vereadores</p>\r\n<p>Assista na \u00edntegra a sess\u00e3o em nossa p\u00e1gina no\u00a0<a class=\"external-link\" href=\"https://www.facebook.com/watch/live/?ref=watch_permalink&amp;v=326118942828617\" target=\"_blank\" title=\"\">Facebook</a>.</p>\r\n<p>A 24\u00aa Sess\u00e3o Ordin\u00e1ria realizar-se-\u00e1 no dia 07 de mar\u00e7o de 2022.</p>\r\n<p>Toda comunidade \u00e9 convidada a acompanhar as sess\u00f5es ao vivo pelo\u00a0<a class=\"external-link\" href=\"https://www.facebook.com/CamaraAdamantina\" target=\"_blank\" title=\"\">facebook</a>,\u00a0bem como pela\u00a0R\u00e1dio Cultura, 99,3 FM, Radio Joia 93,7 FM e TV Cidade.</p>", "author_name": "", "version": "1.0", "author_url": "https://www.adamantina.sp.leg.br/author/adm", "provider_name": "C\u00e2mara Municipal de Adamantina", "type": "rich"}