{"provider_url": "https://www.adamantina.sp.leg.br", "title": "Resumo 22\u00aa Sess\u00e3o Ordin\u00e1ria", "html": "<p style=\"text-align: justify; \">No \u00faltima segunda-feira, 14, c<span>onforme\u00a0</span><span><a class=\"external-link\" href=\"https://sapl.adamantina.sp.leg.br/media/sapl/public/materialegislativa/2022/13449/circular_005_22a_ordinaria.pdf\" target=\"_blank\" title=\"\">Circular n\u00ba 005/22</a>,</span><span>\u00a0</span> a C\u00e2mara Municipal de Adamantina realizou a 22\u00aa Sess\u00e3o Ordin\u00e1ria.</p>\r\n<p style=\"text-align: justify; \">Foram apresentados\u00a0<strong>16 Requerimentos,</strong>\u00a0<strong>36\u00a0Indica\u00e7\u00f5es</strong>\u00a0e\u00a0<strong>2 Mo\u00e7\u00f5es de Congratula\u00e7\u00f5es e Aplausos</strong>.</p>\r\n<p>Nada constou na Ordem do Dia.</p>\r\n<p>A reuni\u00e3o contou com a presen\u00e7a de todos os vereadores</p>\r\n<p>Assista na \u00edntegra a sess\u00e3o em nossa p\u00e1gina no\u00a0<a class=\"external-link\" href=\"https://www.facebook.com/CamaraAdamantina/videos/329114429154802\" target=\"_blank\" title=\"\">Facebook</a>.</p>\r\n<p>Toda comunidade \u00e9 convidada a acompanhar as sess\u00f5es ao vivo pelo\u00a0<a class=\"external-link\" href=\"https://www.facebook.com/CamaraAdamantina\" target=\"_blank\" title=\"\">facebook</a>,\u00a0bem como pela\u00a0R\u00e1dio Cultura, 99,3 FM, Radio Joia 93,7 FM e TV Cidade.</p>", "author_name": "", "version": "1.0", "author_url": "https://www.adamantina.sp.leg.br/author/adm", "provider_name": "C\u00e2mara Municipal de Adamantina", "type": "rich"}