{"provider_url": "https://www.adamantina.sp.leg.br", "title": "Resumo 22\u00aa Sess\u00e3o Ordin\u00e1ria", "html": "<p style=\"text-align: justify; \">Ontem, 18, a C\u00e2mara Municipal de Adamantina realizou a 22\u00aa Sess\u00e3o Ordin\u00e1ria, foram apreciadas e votadas <strong>13 Indica\u00e7\u00f5es</strong>, e <strong>5 Requerimentos</strong>.</p>\r\n<p style=\"text-align: justify; \">Foram ainda apresentados, conforme Circular 056/17 os Projetos como segue:</p>\r\n<p style=\"text-align: justify; \"><b><span>EM PRIMEIRA DISCUSS\u00c3O</span></b></p>\r\n<p style=\"text-align: justify; \"><b>Projeto de Lei n\u00ba 059/17</b><span> \u2013 PM \u2013 que \u201cAutoriza o Poder Executivo Municipal a celebrar Conv\u00eanio com o Departamento Estadual do Tr\u00e2nsito de S\u00e3o Paulo \u2013 DETRAN \u2013 SP e d\u00e1 outras provid\u00eancias.\u201d\u00a0<strong>APROVADO POR UNANIMIDADE</strong></span></p>\r\n<p style=\"text-align: justify; \"><b><span>Projeto de Lei n\u00ba 060/17</span></b> \u2013 Vereadora Maria de Lourdes Santos Gil \u2013 que \u201cDisp\u00f5e sobre a denomina\u00e7\u00e3o do Centro Comunit\u00e1rio da Associa\u00e7\u00e3o de Moradores do Parque do Sol de \u2018<b>Dozina Pazin Dal Bello\u2019</b>.\u201d\u00a0<strong>APROVADO POR UNANIMIDADE</strong></p>\r\n<p style=\"text-align: justify; \"><b>Projeto de Lei n\u00ba 063/17</b><span> \u2013 Vereador Ac\u00e1cio Rocha Perez Guerrero \u2013 \u201cDeclara de Utilidade P\u00fablica Municipal a Associa\u00e7\u00e3o da R\u00e1dio Comunit\u00e1ria Life FM\u201d e d\u00e1 outras provid\u00eancias.\u201d\u00a0</span><strong>APROVADO POR UNANIMIDADE</strong></p>\r\n<p style=\"text-align: justify; \"><b><span>Projeto de Lei n\u00ba 064/17</span></b> \u2013 PM \u2013 que \u201cDisp\u00f5e sobre autoriza\u00e7\u00e3o para que a UNIFAI \u2013 Centro Universit\u00e1rio de Adamantina possa formalizar Termo de Colabora\u00e7\u00e3o com a Santa Casa de Miseric\u00f3rdia de Adamantina, nos termos da Lei Federal n\u00ba 13.019/04 e suas altera\u00e7\u00f5es e d\u00e1 outras provid\u00eancias.\u201d\u00a0<strong>APROVADO POR UNANIMIDADE</strong></p>\r\n<p style=\"text-align: justify; \"><b><span>Projeto de Lei Complementar n\u00ba 044/17</span></b> \u2013 PM \u2013 que \u201cDisp\u00f5e sobre as fun\u00e7\u00f5es e gratifica\u00e7\u00f5es de fun\u00e7\u00e3o para o servidor designado a orientador do P\u00f3lo da Funda\u00e7\u00e3o Universidade Virtual do Estado de S\u00e3o Paulo - UNIVESP.\u201d\u00a0<strong>APROVADO POR UNANIMIDADE</strong></p>\r\n<p style=\"text-align: justify; \"><b>Projeto de Lei Complementar n\u00ba 046/17</b><span> \u2013 PM \u2013 que \u201cDisp\u00f5e sobre autoriza\u00e7\u00e3o para o Chefe do Poder Executivo alienar, por doa\u00e7\u00e3o, \u00e0 empresa MAIART \u2013 IND\u00daSTRIA E COM\u00c9RCIO DE M\u00d3VEIS PARA ESCRIT\u00d3RIO LTDA \u2013 EPP o im\u00f3vel que especifica.\u201d\u00a0</span><strong>APROVADO POR UNANIMIDADE</strong></p>\r\n<p style=\"text-align: justify; \">A reuni\u00e3o contou com a presen\u00e7a de todos os vereadores, imprensa escrita e falada e membros da comunidade adamantinense.</p>\r\n<p style=\"text-align: justify; \">Esta Casa de Leis entrar\u00e1 em recesso dia 23 de dezembro e retornar\u00e1\u00a0 suas atividades legislativas em 02 de fevereiro de 2018.</p>", "author_name": "adt", "version": "1.0", "author_url": "https://www.adamantina.sp.leg.br/author/adt", "provider_name": "C\u00e2mara Municipal de Adamantina", "type": "rich"}