{"provider_url": "https://www.adamantina.sp.leg.br", "title": "Resumo 22\u00aa Sess\u00e3o Extraordin\u00e1ria", "html": "<p>Ontem, 08, esta Casa de Leis realizou a 22\u00aa Sess\u00e3o Extraordin\u00e1ria desta Legislatura.</p>\r\n<p>Conforme <a class=\"external-link\" href=\"https://sapl.adamantina.sp.leg.br/media/sapl/public/materialegislativa/2022/14051/circular_38_-_22a_extra.pdf\" target=\"_blank\" title=\"\">Circular n\u00ba 038/2022</a> foram apreciados e votados,\u00a0<b>EM DISCUSS\u00c3O \u00daNICA</b>,<span>\u00a0</span></p>\r\n<p><a class=\"external-link\" href=\"https://sapl.adamantina.sp.leg.br/media/sapl/public/materialegislativa/2022/13997/33a_pl_053_m_065_-_abertura_de_credito_de_r_6.024.50300_-_varias_secretarias.pdf\" target=\"_blank\" title=\"\"><b><span>Projeto de Lei n\u00ba 05</span></b><b><span>3/2022</span></b></a> \u2013 PM \u2013 que \u201cDisp\u00f5e sobre autoriza\u00e7\u00e3o para <i>abertura de cr\u00e9dito adicional suplementar </i>ao Or\u00e7amento da Prefeitura do Munic\u00edpio de Adamantina no valor total de R$ 6.024.503,00 e d\u00e1 outras provid\u00eancias.\u201d</p>\r\n<p><b><span><a class=\"external-link\" href=\"https://sapl.adamantina.sp.leg.br/media/sapl/public/materialegislativa/2022/13999/33a_plc_017_msg_063_-_altera_o_anexo_i_da_lc_399_-_quadro_de_servidores.pdf\" target=\"_blank\" title=\"\">Projeto de Lei Complementar n\u00ba 017/2022</a></span></b> \u2013 PM \u2013 que \u201cDisp\u00f5e sobre a altera\u00e7\u00e3o do Anexo I da Lei Complementar n\u00ba 399, de 24 de junho de 2022\u201d.</p>\r\n<p><span>Todos os projetos foram aprovados.</span></p>\r\n<p>A reuni\u00e3o contou com a presen\u00e7a de todos os vereadores</p>\r\n<p>Assista na \u00edntegra a sess\u00e3o em nossa canal no <a class=\"external-link\" href=\"https://youtu.be/YS3hlaE7xss\" target=\"_blank\" title=\"\">YouTube</a>.</p>\r\n<p><span>Toda comunidade \u00e9 convidada a acompanhar as sess\u00f5es ao vivo pelo\u00a0</span><a class=\"external-link\" href=\"https://www.facebook.com/CamaraAdamantina\" target=\"_blank\" title=\"\">facebook</a><span>,\u00a0bem como pela\u00a0R\u00e1dio Cultura, 99,3 FM, TV Cidade e nosso canal no\u00a0</span><a class=\"external-link\" href=\"https://www.youtube.com/channel/UCzAAhbjCyaxL-tD4m-Zsd-g\" target=\"_blank\" title=\"\">Youtube</a><span>.</span></p>", "author_name": "", "version": "1.0", "author_url": "https://www.adamantina.sp.leg.br/author/adm", "provider_name": "C\u00e2mara Municipal de Adamantina", "type": "rich"}