{"provider_url": "https://www.adamantina.sp.leg.br", "title": "Resumo 21\u00aa Sess\u00e3o Ordin\u00e1ria", "html": "<p style=\"text-align: justify; \">Ontem, 13, a C\u00e2mara Municipal de Adamantina realizou a 21\u00aa Sess\u00e3o Ordin\u00e1ria desta Legislatura.</p>\r\n<p style=\"text-align: justify; \">Foram apresentadas\u00a0<strong>2 Mo\u00e7\u00f5es de Congratula\u00e7\u00f5es e Aplausos</strong>.</p>\r\n<p style=\"text-align: justify; \">Ainda, conforme <a class=\"external-link\" href=\"https://sapl.adamantina.sp.leg.br/media/sapl/public/materialegislativa/2021/13378/circular_052_21a_ordinaria.pdf\" target=\"_blank\" title=\"\">Circular n\u00ba 052/21</a>, foram apreciados e votados:</p>\r\n<p style=\"text-align: justify; \"><b><span>EM DISCUSS\u00c3O \u00daNICA</span></b></p>\r\n<p style=\"text-align: justify; \"><b>Veto n\u00ba 002/2021</b><span> \u2013 PM \u2013 que \u201cVeto parcial \u00e0 emenda modificativa n\u00ba 7/21 ao Projeto de Lei Complementar n\u00ba 11, de 13 de setembro de 2021.\u201d</span></p>\r\n<p style=\"text-align: justify; \"><b><span><a class=\"external-link\" href=\"https://sapl.adamantina.sp.leg.br/media/sapl/public/materialegislativa/2021/13358/pl_089_-_msg_100_-_autoriza_repassar_para_sta_casa_649.50000_covid_19.pdf\" target=\"_blank\" title=\"\">Projeto de Lei n\u00ba 089/2021</a></span></b> \u2013 PM \u2013 que \u201cDisp\u00f5e sobre autoriza\u00e7\u00e3o para a Prefeitura do Munic\u00edpio de Adamantina repassar \u00e0 Irmandade da Santa Casa de Miseric\u00f3rdia de Adamantina, aux\u00edlio financeiro e emergencial e d\u00e1 outras provid\u00eancias no valor de R$ 649.500,00\u201d.</p>\r\n<p style=\"text-align: justify; \"><b><span><a class=\"external-link\" href=\"https://sapl.adamantina.sp.leg.br/media/sapl/public/materialegislativa/2021/13359/pl_090_-_msg_101_-_desconto_de_60_sobre_o_valor_dos_servicos_ou_locacao_de_maquinas_agricolas.pdf\" target=\"_blank\" title=\"\">Projeto de Lei n\u00ba 090/2021</a></span></b> \u2013 PM \u2013 que \u201cDisp\u00f5e sobre autoriza\u00e7\u00e3o para que o Chefe do Poder Executivo possa conceder desconto de 60% sobre o valor dos servi\u00e7os e/ou loca\u00e7\u00e3o de m\u00e1quinas agr\u00edcolas fixado nos itens 1.5 e 1.6 do Decreto de Pre\u00e7os P\u00fablicos, aos produtores rurais que possuam o t\u00edtulo de \u201cProdutor Rural Resiliente\u201d.</p>\r\n<p style=\"text-align: justify; \">\u00a0</p>\r\n<p style=\"text-align: justify; \">\u00a0<b>EM SEGUNDA DISCUSS\u00c3O E REDA\u00c7\u00c3O FINAL</b></p>\r\n<p style=\"text-align: justify; \"><b><a class=\"external-link\" href=\"https://sapl.adamantina.sp.leg.br/media/sapl/public/materialegislativa/2021/13175/pl_075_-_msg_075_-_projeto_de_lei_-_loa_2022.pdf\" target=\"_blank\" title=\"\">Projeto de Lei n\u00ba 075/21</a></b><span> \u2013 PM \u2013 que \u201cEstima a Receita e Fixa a Despesa do Munic\u00edpio de Adamantina para o exerc\u00edcio de 2022\u201d.</span></p>\r\n<p style=\"text-align: justify; \"><b><span><a class=\"external-link\" href=\"https://sapl.adamantina.sp.leg.br/media/sapl/public/materialegislativa/2021/13237/pl_080_-_msg_082_-_projeto_de_lei_-_2021_-_concessao_de_subvencoes_e_contribuicoes_-_2022..pdf\" target=\"_blank\" title=\"\">Projeto de Lei n\u00ba 080/2021</a></span></b> \u2013 PM \u2013 que \u201cDisp\u00f5e sobre concess\u00e3o de subven\u00e7\u00f5es, aux\u00edlios, contribui\u00e7\u00f5es e conv\u00eanios, termo de colabora\u00e7\u00e3o/fomento\u201d.</p>\r\n<p style=\"text-align: justify; \"><b><span><a class=\"external-link\" href=\"https://sapl.adamantina.sp.leg.br/media/sapl/public/materialegislativa/2021/13295/plc_014_-_msg_085_-_concessao_de_uso_-_transmassei_transporte__logistica_ltda.pdf\" target=\"_blank\" title=\"\">Projeto de Lei Complementar n\u00ba 014/2021</a></span></b> \u2013 PM \u2013 que \u201cDisp\u00f5e sobre autoriza\u00e7\u00e3o para que o Chefe do Poder Executivo possa outorgar Concess\u00e3o de Direito Real de Uso de Im\u00f3vel \u00e0 <b>TRANSMASSEI TRANSPORTE &amp; LOG\u00cdSTICA</b> <b>LTDA.</b>\u201d.</p>\r\n<p style=\"text-align: justify; \"><b><span><a class=\"external-link\" href=\"https://sapl.adamantina.sp.leg.br/media/sapl/public/materialegislativa/2021/13296/plc_015_-_msg_086_-_concessao_de_uso_-_marmoraria_alianca_adamantina_ltda.pdf\" target=\"_blank\" title=\"\">Projeto de Lei Complementar n\u00ba 015/2021</a></span></b> \u2013 PM \u2013 que \u201cDisp\u00f5e sobre autoriza\u00e7\u00e3o para que o Chefe do Poder Executivo possa outorgar Concess\u00e3o de Direito Real de Uso de Im\u00f3vel \u00e0 <b>MARMORARIA ALIAN\u00c7A ADAMANTINA LTDA.</b>\u201d.</p>\r\n<p style=\"text-align: justify; \"><b><span><a class=\"external-link\" href=\"https://sapl.adamantina.sp.leg.br/media/sapl/public/materialegislativa/2021/13297/plc_016_-_msg_087_-_concessao_de_uso_-_transtriangulo_transportadora_ltda.pdf\" target=\"_blank\" title=\"\">Projeto de Lei Complementar n\u00ba 016/2021</a></span></b> \u2013 PM \u2013 que \u201cDisp\u00f5e sobre autoriza\u00e7\u00e3o para que o Chefe do Poder Executivo possa outorgar Concess\u00e3o de Direito Real de Uso de Im\u00f3vel \u00e0 <b>TRANSTRI\u00c2NGULO TRANSPORTADORA LTDA.</b>\u201d.</p>\r\n<p style=\"text-align: justify; \"><b><span><a class=\"external-link\" href=\"https://sapl.adamantina.sp.leg.br/media/sapl/public/materialegislativa/2021/13298/plc_017_-_msg_088_-_concessao_de_uso_-_barcelos__barcelos.pdf\" target=\"_blank\" title=\"\">Projeto de Lei Complementar n\u00ba 017/2021</a></span></b> \u2013 PM \u2013 que \u201cDisp\u00f5e sobre autoriza\u00e7\u00e3o para que o Chefe do Poder Executivo possa outorgar Concess\u00e3o de Direito Real de Uso de Im\u00f3vel \u00e0 <b>BARCELOS &amp; BARCELOS COM\u00c9RCIO DE EQUIPAMENTOS DE SEGURAN\u00c7A LTDA.</b>\u201d.</p>\r\n<p style=\"text-align: justify; \"><b><span><a class=\"external-link\" href=\"https://sapl.adamantina.sp.leg.br/media/sapl/public/materialegislativa/2021/13299/plc_018_-_msg_089_-_concessao_de_uso_-_robinson_borges_de_carvalho_33011131848.pdf\" target=\"_blank\" title=\"\">Projeto de Lei Complementar n\u00ba 018/2021</a></span></b> \u2013 PM \u2013 que \u201cDisp\u00f5e sobre autoriza\u00e7\u00e3o para que o Chefe do Poder Executivo possa outorgar Concess\u00e3o de Direito Real de Uso de Im\u00f3vel \u00e0 <b>ROBINSON BORGES DE CARVALHO 33011131848</b>\u201d.</p>\r\n<p style=\"text-align: justify; \"><b><span><a class=\"external-link\" href=\"https://sapl.adamantina.sp.leg.br/media/sapl/public/materialegislativa/2021/13300/plc_019_-_msg_090_concessao_de_uso_-_rm_teles_industria_e_comercio.pdf\" target=\"_blank\" title=\"\">Projeto de Lei Complementar n\u00ba 019/2021</a></span></b> \u2013 PM \u2013 que \u201cDisp\u00f5e sobre autoriza\u00e7\u00e3o para que o Chefe do Poder Executivo possa outorgar Concess\u00e3o de Direito Real de Uso de Im\u00f3vel \u00e0 <b>R.M. TELES INDUSTRIA E COM\u00c9RCIO LTDA.</b>\u201d.</p>\r\n<p style=\"text-align: justify; \"><b><span><a class=\"external-link\" href=\"https://sapl.adamantina.sp.leg.br/media/sapl/public/materialegislativa/2021/13301/plc_020_-_msg_091_-_concessao_de_uso_-_sterile_vita_ambiental.pdf\" target=\"_blank\" title=\"\">Projeto de Lei Complementar n\u00ba 020/2021</a></span></b> \u2013 PM \u2013 que \u201cDisp\u00f5e sobre autoriza\u00e7\u00e3o para que o Chefe do Poder Executivo possa outorgar Concess\u00e3o de Direito Real de Uso de Im\u00f3vel \u00e0 <b>STERILE VITA AMBIENTAL LTDA.</b>\u201d.</p>\r\n<p style=\"text-align: justify; \"><b><span><a class=\"external-link\" href=\"https://sapl.adamantina.sp.leg.br/media/sapl/public/materialegislativa/2021/13302/plc_021_-_msg_092_-_concessao_de_uso_-_geo-analitica.pdf\" target=\"_blank\" title=\"\">Projeto de Lei Complementar n\u00ba 021/2021</a></span></b> \u2013 PM \u2013 que \u201cDisp\u00f5e sobre autoriza\u00e7\u00e3o para que o Chefe do Poder Executivo possa outorgar Concess\u00e3o de Direito Real de Uso de Im\u00f3vel \u00e0 <b>GEO-ANAL\u00cdTICA ESTUDOS E GERENCIAMENTO DE \u00c1REAS CONTAMINADAS LTDA.</b>\u201d.</p>\r\n<p style=\"text-align: justify; \">\u00a0</p>\r\n<p style=\"text-align: justify; \"><b>EM PRIMEIRA DISCUSS\u00c3O</b></p>\r\n<p style=\"text-align: justify; \"><b><a class=\"external-link\" href=\"https://sapl.adamantina.sp.leg.br/media/sapl/public/materialegislativa/2021/13357/20a_ordinaria_-_pl_088.pdf\" target=\"_blank\" title=\"\">Projeto de Lei n\u00ba 088/2021</a></b><span> \u2013 Vereador Paulo C\u00e9sar Cervelheira de Oliveira e H\u00e9lio Jos\u00e9 dos Santos \u2013 que \u201cInstitui a Semana Municipal da Consci\u00eancia Negra e de A\u00e7\u00e3o Antirracista no Munic\u00edpio de Adamantina e d\u00e1 outras provid\u00eancias\u201d.</span></p>\r\n<p style=\"text-align: justify; \"><b><span><a class=\"external-link\" href=\"https://sapl.adamantina.sp.leg.br/media/sapl/public/materialegislativa/2021/13302/plc_021_-_msg_092_-_concessao_de_uso_-_geo-analitica.pdf\" target=\"_blank\" title=\"\">Projeto de Lei Complementar n\u00ba 022/2021</a></span></b> \u2013 PM \u2013 que \u201cDisp\u00f5e sobre altera\u00e7\u00e3o II do \u00a7 2<sup>o</sup> do artigo 93 e do Anexo I,\u00a0 da Lei 2.328 de 28 de dezembro de 1990\u201d.</p>\r\n<p style=\"text-align: justify; \">TODOS OS PROJETOS FORAM APROVADOS POR UNANIMIDADE.</p>\r\n<p>A reuni\u00e3o contou com a presen\u00e7a de todos os vereadores</p>\r\n<p>Assista na \u00edntegra a sess\u00e3o em nossa p\u00e1gina no\u00a0<a class=\"external-link\" href=\"https://www.facebook.com/CamaraAdamantina/videos/887963038529216\" target=\"_blank\" title=\"\">Facebook</a>.</p>\r\n<p style=\"text-align: justify; \">Toda comunidade \u00e9 convidada a acompanhar as sess\u00f5es ao vivo pelo\u00a0<a class=\"external-link\" href=\"https://www.facebook.com/CamaraAdamantina\" target=\"_blank\" title=\"\">facebook</a>,\u00a0bem como pela\u00a0R\u00e1dio Cultura, 99,3 FM, Radio Joia 93,7 FM e TV Cidade.\u00a0 \u00a0\u00a0</p>", "author_name": "", "version": "1.0", "author_url": "https://www.adamantina.sp.leg.br/author/adm", "provider_name": "C\u00e2mara Municipal de Adamantina", "type": "rich"}