{"provider_url": "https://www.adamantina.sp.leg.br", "title": "Resumo 21\u00aa Sess\u00e3o Ordin\u00e1ria", "html": "<p style=\"text-align: justify; \">A C\u00e2mara Municipal de Adamantina realizou ontem a noite a 21\u00aa Sess\u00e3o Ordin\u00e1ria, a presente contou com a presen\u00e7a de todos os vereadores, imprensa escrita e falada, bem como com a participa\u00e7\u00e3o de membros da comunidade adamantinense.</p>\r\n<p style=\"text-align: justify; \">Foram apreciados e votados <strong><em>20 Requerimentos</em></strong> em sua maioria solicitando recursos financeiros ao Munic\u00edpio; <em><strong>5 Mo\u00e7\u00f5es de Congratula\u00e7\u00f5es e Aplausos</strong></em><strong></strong> homenageando empres\u00e1rios e mun\u00edcipes e, por fim,\u00a0<em><strong>29 Indica\u00e7\u00f5es</strong></em><strong></strong>, maior parte pedindo melhorias em v\u00e1rios locais da cidade.</p>\r\n<p style=\"text-align: justify; \">Finalizando, conforme circular n\u00ba 053/17 foram votadas os projetos como segue:</p>\r\n<p style=\"text-align: center; \"><span><b>****** <span>EM DISCUSS\u00c3O \u00daNICA</span>\u00a0*</b></span><b>*****</b></p>\r\n<p style=\"text-align: justify; \"><b>Projeto de Decreto Legislativo n\u00ba 002/17</b><span> \u2013 Comiss\u00e3o de Finan\u00e7as e Or\u00e7amento \u2013 que \u201cDisp\u00f5e sobre a aprecia\u00e7\u00e3o das contas da Prefeitura do Munic\u00edpio de Adamantina, exerc\u00edcio de 2015 \u2013 TC 2283/026/15.\u201d\u00a0</span></p>\r\n<p style=\"text-align: justify; \"><b><span>Projeto de Lei n\u00ba 055/17</span></b> \u2013 Vereadores Eduardo Rodrigues Fiorillo, H\u00e9lio Jos\u00e9 dos Santos e demais Vereadores \u2013 que \u201cDisp\u00f5e sobre a denomina\u00e7\u00e3o de logradouros p\u00fablicos do Residencial Vista Verde II.\u201d</p>\r\n<p style=\"text-align: justify; \"><b><span>Projeto de Lei n\u00ba 056/17</span></b> \u2013 PM \u2013 que \u201cAutoriza o Poder Executivo Municipal a celebrar Conv\u00eanio com o Estado de S\u00e3o Paulo, por meio da Secretaria de Desenvolvimento Econ\u00f4mico, Ci\u00eancia, Tecnologia e Inova\u00e7\u00e3o da Funda\u00e7\u00e3o Universit\u00e1ria Virtual do Estado de S\u00e3o Paulo \u2013 UNIVESP e d\u00e1 outras provid\u00eancias.\u201d</p>\r\n<p style=\"text-align: justify; \"><b><span>Projeto de Lei n\u00ba 058/17</span></b> \u2013 PM \u2013 que \u201cDisp\u00f5e sobre autoriza\u00e7\u00e3o para abertura de cr\u00e9dito adicional suplementar ao or\u00e7amento do munic\u00edpio de Adamantina no valor de R$ 3.506.000,00 \u00e0 UNIFAI, para atendimento de despesas correntes.\u201d</p>\r\n<p style=\"text-align: justify; \">\u00a0</p>\r\n<p style=\"text-align: center; \"><strong>****** <span>EM PRIMEIRA DISCUSS\u00c3O</span> ******</strong></p>\r\n<p style=\"text-align: justify; \"><b>Projeto de Lei n\u00ba 057/17</b><span> \u2013 PM \u2013 que \u201cDisp\u00f5e sobre concess\u00e3o de subven\u00e7\u00f5es, aux\u00edlios, contribui\u00e7\u00f5es e conv\u00eanios.\u201d</span></p>\r\n<p style=\"text-align: justify; \">\u00a0</p>\r\n<p style=\"text-align: center; \"><b><span>****** <span>EM SEGUNDA DISCUSS\u00c3O E REDA\u00c7\u00c3O FINAL</span> ******</span></b></p>\r\n<p style=\"text-align: justify; \"><b>Projeto de Lei n\u00ba 053/17</b><span> \u2013 Vereadores Alcio Roberto Ikeda J\u00fanior e Eduardo Rodrigues Fiorillo \u2013 que \u201cInstitui e inclui a Semana Jur\u00eddica no Calend\u00e1rio Oficial do Munic\u00edpio de Adamantina e d\u00e1 outras provid\u00eancias.\u201d</span></p>\r\n<p style=\"text-align: justify; \"><b><span>Projeto de Lei Complementar n\u00ba 043/17</span></b> \u2013 PM \u2013 que \u201cDisp\u00f5e sobre altera\u00e7\u00e3o do par\u00e1grafo \u00fanico do artigo 1\u00ba da Lei Complementar n\u00ba 295, de 17 de outubro de 2017.\u201d</p>\r\n<p style=\"text-align: justify; \"><span>Todos os projetos foram aprovados conforme a discuss\u00e3o mencionada.</span></p>\r\n<p style=\"text-align: justify; \"><em>A pr\u00f3xima Sess\u00e3o Ordin\u00e1ria, e \u00faltima do ano, ser\u00e1 realizada 10 de dezembro, \u00e0s 20h no Plen\u00e1rio Vereador Jos\u00e9 Ikeda</em></p>", "author_name": "adt", "version": "1.0", "author_url": "https://www.adamantina.sp.leg.br/author/adt", "provider_name": "C\u00e2mara Municipal de Adamantina", "type": "rich"}