{"provider_url": "https://www.adamantina.sp.leg.br", "title": "Resumo 21\u00aa Sess\u00e3o Extraordin\u00e1ria", "html": "<p style=\"text-align: justify; \">Na \u00faltima quarta-feira, 06, esta Casa de Leis realizou a 21\u00aa Sess\u00e3o Extraordin\u00e1ria desta Legislatura.</p>\r\n<p style=\"text-align: justify; \">Conforme <a class=\"external-link\" href=\"https://sapl.adamantina.sp.leg.br/media/sapl/public/materialegislativa/2022/13954/circular_035_-_21a_extraordinaria.pdf\" target=\"_blank\" title=\"\">Circular n\u00ba 035/2022</a> foram apreciados e votados os seguintes projetos\u00a0<b>EM DISCUSS\u00c3O \u00daNICA</b></p>\r\n<p style=\"text-align: justify; \"><b><a class=\"external-link\" href=\"https://sapl.adamantina.sp.leg.br/media/sapl/public/materialegislativa/2022/13955/32a_pl_045_-_msg_054_-___projeto_de_lei_repasse_assist__emendas_parlamentares_1.pdf\" target=\"_blank\" title=\"\">Projeto de Lei n\u00ba 045/2022</a></b><span> \u2013 PM \u2013 que \u201c Disp\u00f5e sobre autoriza\u00e7\u00e3o para a Prefeitura do Munic\u00edpio de Adamantina repassar para o Fundo de Assist\u00eancia Social, nos Bloco Prote\u00e7\u00e3o Social B\u00e1sica e Bloco Prote\u00e7\u00e3o Social Especial Alta Complexidade de Adamantina, e d\u00e1 outras provid\u00eancias no valor de R$ 270.000,00\u201d.</span></p>\r\n<p style=\"text-align: justify; \"><b><span><a class=\"external-link\" href=\"https://sapl.adamantina.sp.leg.br/media/sapl/public/materialegislativa/2022/13956/32a_pl_046_-_msg_055_-_projeto_de_lei_600_mil_para_contratacao_de_medicos.pdf\" target=\"_blank\" title=\"\">Projeto de Lei n\u00ba 046/2022</a></span></b> \u2013 PM \u2013 que \u201cDisp\u00f5e sobre autoriza\u00e7\u00e3o para <i>abertura de cr\u00e9dito adicional suplementar </i>ao Or\u00e7amento da Prefeitura do Munic\u00edpio de Adamantina no valor total de R$ 600.000,00 (seiscentos mil) e d\u00e1 outras provid\u00eancias\u201d.</p>\r\n<p style=\"text-align: justify; \"><b><span><a class=\"external-link\" href=\"https://sapl.adamantina.sp.leg.br/media/sapl/public/materialegislativa/2022/13957/32a_pl_047_-_msg_057_-__autoriza_repassar_para_sta_casa_67_50000_covid_19.pdf\" target=\"_blank\" title=\"\">Projeto de Lei n\u00ba 047/2022</a></span></b> \u2013 PM \u2013 que \u201cDisp\u00f5e sobre autoriza\u00e7\u00e3o para a Prefeitura do Munic\u00edpio de Adamantina abrir cr\u00e9dito suplementar no valor de R$ 67.500,00 e repassar \u00e0 Associa\u00e7\u00e3o Lar S\u00e3o Francisco de Assis na Provid\u00eancia de Deus \u2013 Santa Casa de Adamantina, aux\u00edlio financeiro e emergencial e d\u00e1 outras provid\u00eancias\u201d.</p>\r\n<p><b><span><a class=\"external-link\" href=\"https://sapl.adamantina.sp.leg.br/media/sapl/public/materialegislativa/2022/13958/32a_pl_048_-_msg_058_-__autoriza_repassar_para_clinica_repouso_150_00000_emenda_1.pdf\" target=\"_blank\" title=\"\">Projeto de Lei n\u00ba 048/2022</a></span></b> \u2013 PM \u2013 que \u201cDisp\u00f5e sobre autoriza\u00e7\u00e3o para a Prefeitura do Munic\u00edpio de Adamantina abrir cr\u00e9dito suplementar no valor de R$ 150.000,00 e repassar \u00e0 Cl\u00ednica de Repouso Nosso Lar de Adamantina, aux\u00edlio financeiro e emergencial e d\u00e1 outras provid\u00eancias\u201d.</p>\r\n<p>TODOS OS PROJETOS FORAM APROVADOS POR UNANIMIDADE</p>\r\n<p>A reuni\u00e3o contou com a presen\u00e7a de todos os vereadores</p>\r\n<p>Assista na \u00edntegra a sess\u00e3o em nossa p\u00e1gina no\u00a0<a class=\"external-link\" href=\"https://www.facebook.com/CamaraAdamantina/videos/399812302210916/\" target=\"_blank\" title=\"\">Facebook</a>.</p>\r\n<p><span>Toda comunidade \u00e9 convidada a acompanhar as sess\u00f5es ao vivo pelo\u00a0</span><a class=\"external-link\" href=\"https://www.facebook.com/CamaraAdamantina\" target=\"_blank\" title=\"\">facebook</a><span>,\u00a0bem como pela\u00a0R\u00e1dio Cultura, 99,3 FM, e TV Cidade.</span></p>", "author_name": "", "version": "1.0", "author_url": "https://www.adamantina.sp.leg.br/author/adm", "provider_name": "C\u00e2mara Municipal de Adamantina", "type": "rich"}