{"provider_url": "https://www.adamantina.sp.leg.br", "title": "Resumo 20\u00aa Sess\u00e3o Ordin\u00e1ria", "html": "<p style=\"text-align: justify; \">Ontem, 06, a C\u00e2mara Municipal de Adamantina realizou a 20\u00aa Sess\u00e3o Ordin\u00e1ria.</p>\r\n<p style=\"text-align: justify; \">Foram apresentados\u00a0<strong>13 Requerimentos,</strong>\u00a0<strong>44 Indica\u00e7\u00f5es</strong> e\u00a0<strong>4 Mo\u00e7\u00f5es de Congratula\u00e7\u00f5es e Aplausos</strong>.</p>\r\n<p style=\"text-align: justify; \">Conforme <a class=\"external-link\" href=\"https://sapl.adamantina.sp.leg.br/media/sapl/public/materialegislativa/2021/13355/circular_050_-_20a_sessao_ordinaria.pdf\" target=\"_blank\" title=\"\">Circular n\u00ba 050/21</a> foram apreciados e votados:</p>\r\n<p style=\"text-align: center; \"><b><span>EM DISCUSS\u00c3O \u00daNICA</span></b></p>\r\n<p style=\"text-align: justify; \"><b><a class=\"external-link\" href=\"https://sapl.adamantina.sp.leg.br/media/sapl/public/materialegislativa/2021/13112/pl_072_-_unicipal_de_gestao_integrada_de_residuos_somsg_076_-_plc_-_revisao_do_plano_mlidos_-_pmgirs.pdf\" target=\"_blank\" title=\"\">Projeto de Lei n\u00ba 072/21</a></b><span> \u2013 PM \u2013 que \u201cDisp\u00f5e sobre a revis\u00e3o da Plano Municipal de Gest\u00e3o Integrada de Res\u00edduos S\u00f3lidos de Adamantina - PMGIRS - institu\u00eddo pela Lei Municipal 3.549/12\u201d.</span></p>\r\n<p style=\"text-align: justify; \"><b><span><a class=\"external-link\" href=\"https://sapl.adamantina.sp.leg.br/media/sapl/public/materialegislativa/2021/13289/pl_082_-_msg_093_abertura_de_credito_r_1.000.00000_-_aquisicao_de_caminhoes_secretaria_de_obras.pdf\" target=\"_blank\" title=\"\">Projeto de Lei n\u00ba 082/2021</a></span></b> \u2013 PM \u2013 que \u201cDisp\u00f5e sobre autoriza\u00e7\u00e3o para <i>abertura de cr\u00e9dito adicional suplementar </i>ao Or\u00e7amento da Prefeitura do Munic\u00edpio de Adamantina no valor total de R$ 1.000.000,00 e d\u00e1 outras provid\u00eancias\u201d.</p>\r\n<p style=\"text-align: justify; \"><b><span><a class=\"external-link\" href=\"https://sapl.adamantina.sp.leg.br/media/sapl/public/materialegislativa/2021/13290/pl_083_-_msg_094_-_abertura_de_credito_r_25.40107__-_beneficio_evenduas_assistencia_social.pdf\" target=\"_blank\" title=\"\">Projeto de Lei n\u00ba 083/2021</a></span></b> \u2013 PM \u2013 que \u201cDisp\u00f5e sobre autoriza\u00e7\u00e3o para <i>abertura de cr\u00e9dito adicional suplementar </i>ao Or\u00e7amento da Prefeitura do Munic\u00edpio de Adamantina no valor total de R$ 25.401,07 e d\u00e1 outras provid\u00eancias\u201d.</p>\r\n<p style=\"text-align: justify; \"><b><span><a class=\"external-link\" href=\"https://sapl.adamantina.sp.leg.br/media/sapl/public/materialegislativa/2021/13292/pl_085_-_msg_096_-_cessao_de_direito_real_de_uso_-_secuc_-_9_salas_unifai_-_campus_i.pdf\" target=\"_blank\" title=\"\">Projeto de Lei n\u00ba 085/2021</a></span></b> \u2013 PM \u2013 que \u201cDisp\u00f5e sobre autoriza\u00e7\u00e3o para que o Chefe do Poder Executivo possa outorgar Cess\u00e3o de Direito Real de Uso de parte de im\u00f3vel da Prefeitura a\u0300 SEDUC - Secretaria de Educa\u00e7\u00e3o do Estado de S\u00e3o Paulo e da\u0301 outras providencias\u201d.</p>\r\n<p style=\"text-align: justify; \"><b><span><a class=\"external-link\" href=\"https://sapl.adamantina.sp.leg.br/media/sapl/public/materialegislativa/2021/13294/pl_087_-_msg_098_-_desafetacao_3.62543_mts_-_travessa_6_-_pq_itapua.pdf\" target=\"_blank\" title=\"\">Projeto de Lei n\u00ba 087/2021</a></span></b> \u2013 PM \u2013 que \u201cDisp\u00f5e sobre a transforma\u00e7\u00e3o da \u00e1rea de 3.625,43 metros quadrados - parte da Travessa 6 - e d\u00e1 outras provid\u00eancias\u201d.</p>\r\n<p style=\"text-align: justify; \">\u00a0</p>\r\n<p style=\"text-align: center; \"><b>EM PRIMEIRA DISCUSS\u00c3O</b></p>\r\n<p style=\"text-align: justify; \"><b><span>\u00a0</span></b><b><a class=\"external-link\" href=\"https://sapl.adamantina.sp.leg.br/media/sapl/public/materialegislativa/2021/13295/plc_014_-_msg_085_-_concessao_de_uso_-_transmassei_transporte__logistica_ltda.pdf\" target=\"_blank\" title=\"\">Projeto de Lei Complementar n\u00ba 014/2021</a></b><span> \u2013 PM \u2013 que \u201cDisp\u00f5e sobre autoriza\u00e7\u00e3o para que o Chefe do Poder Executivo possa outorgar Concess\u00e3o de Direito Real de Uso de Im\u00f3vel \u00e0 </span><b>TRANSMASSEI TRANSPORTE &amp; LOG\u00cdSTICA</b><span> </span><b>LTDA.</b><span>\u201d</span></p>\r\n<p style=\"text-align: justify; \"><b><span><a class=\"external-link\" href=\"https://sapl.adamantina.sp.leg.br/media/sapl/public/materialegislativa/2021/13296/plc_015_-_msg_086_-_concessao_de_uso_-_marmoraria_alianca_adamantina_ltda.pdf\" target=\"_blank\" title=\"\">Projeto de Lei Complementar n\u00ba 015/2021</a></span></b> \u2013 PM \u2013 que \u201cDisp\u00f5e sobre autoriza\u00e7\u00e3o para que o Chefe do Poder Executivo possa outorgar Concess\u00e3o de Direito Real de Uso de Im\u00f3vel \u00e0 <b>MARMORARIA ALIAN\u00c7A ADAMANTINA LTDA.</b>\u201d.</p>\r\n<p style=\"text-align: justify; \"><b><span><a class=\"external-link\" href=\"https://sapl.adamantina.sp.leg.br/media/sapl/public/materialegislativa/2021/13297/plc_016_-_msg_087_-_concessao_de_uso_-_transtriangulo_transportadora_ltda.pdf\" target=\"_blank\" title=\"\">Projeto de Lei Complementar n\u00ba 016/2021</a></span></b> \u2013 PM \u2013 que \u201cDisp\u00f5e sobre autoriza\u00e7\u00e3o para que o Chefe do Poder Executivo possa outorgar Concess\u00e3o de Direito Real de Uso de Im\u00f3vel \u00e0 <b>TRANSTRI\u00c2NGULO TRANSPORTADORA LTDA.</b>\u201d.</p>\r\n<p style=\"text-align: justify; \"><b><span><a class=\"external-link\" href=\"https://sapl.adamantina.sp.leg.br/media/sapl/public/materialegislativa/2021/13298/plc_017_-_msg_088_-_concessao_de_uso_-_barcelos__barcelos.pdf\" target=\"_blank\" title=\"\">Projeto de Lei Complementar n\u00ba 017/2021</a></span></b> \u2013 PM \u2013 que \u201cDisp\u00f5e sobre autoriza\u00e7\u00e3o para que o Chefe do Poder Executivo possa outorgar Concess\u00e3o de Direito Real de Uso de Im\u00f3vel \u00e0 <b>BARCELOS &amp; BARCELOS COM\u00c9RCIO DE EQUIPAMENTOS DE SEGURAN\u00c7A LTDA.</b>\u201d.</p>\r\n<p style=\"text-align: justify; \"><b><span><a class=\"external-link\" href=\"https://sapl.adamantina.sp.leg.br/media/sapl/public/materialegislativa/2021/13299/plc_018_-_msg_089_-_concessao_de_uso_-_robinson_borges_de_carvalho_33011131848.pdf\" target=\"_blank\" title=\"\">Projeto de Lei Complementar n\u00ba 018/2021</a></span></b> \u2013 PM \u2013 que \u201cDisp\u00f5e sobre autoriza\u00e7\u00e3o para que o Chefe do Poder Executivo possa outorgar Concess\u00e3o de Direito Real de Uso de Im\u00f3vel \u00e0 <b>ROBINSON BORGES DE CARVALHO 33011131848</b>\u201d.</p>\r\n<p style=\"text-align: justify; \"><b><span><a class=\"external-link\" href=\"https://sapl.adamantina.sp.leg.br/media/sapl/public/materialegislativa/2021/13300/plc_019_-_msg_090_concessao_de_uso_-_rm_teles_industria_e_comercio.pdf\" target=\"_blank\" title=\"\">Projeto de Lei Complementar n\u00ba 019/2021</a></span></b> \u2013 PM \u2013 que \u201cDisp\u00f5e sobre autoriza\u00e7\u00e3o para que o Chefe do Poder Executivo possa outorgar Concess\u00e3o de Direito Real de Uso de Im\u00f3vel \u00e0 <b>R.M. TELES INDUSTRIA E COM\u00c9RCIO LTDA.</b>\u201d.</p>\r\n<p style=\"text-align: justify; \"><b><span><a class=\"external-link\" href=\"https://sapl.adamantina.sp.leg.br/media/sapl/public/materialegislativa/2021/13301/plc_020_-_msg_091_-_concessao_de_uso_-_sterile_vita_ambiental.pdf\" target=\"_blank\" title=\"\">Projeto de Lei Complementar n\u00ba 020/2021</a></span></b> \u2013 PM \u2013 que \u201cDisp\u00f5e sobre autoriza\u00e7\u00e3o para que o Chefe do Poder Executivo possa outorgar Concess\u00e3o de Direito Real de Uso de Im\u00f3vel \u00e0 <b>STERILE VITA AMBIENTAL LTDA.</b>\u201d.</p>\r\n<p style=\"text-align: justify; \"><b><span><a class=\"external-link\" href=\"https://sapl.adamantina.sp.leg.br/media/sapl/public/materialegislativa/2021/13302/plc_021_-_msg_092_-_concessao_de_uso_-_geo-analitica.pdf\" target=\"_blank\" title=\"\">Projeto de Lei Complementar n\u00ba 021/2021</a></span></b> \u2013 PM \u2013 que \u201cDisp\u00f5e sobre autoriza\u00e7\u00e3o para que o Chefe do Poder Executivo possa outorgar Concess\u00e3o de Direito Real de Uso de Im\u00f3vel \u00e0 <b>GEO-ANAL\u00cdTICA ESTUDOS E GERENCIAMENTO DE \u00c1REAS CONTAMINADAS LTDA.</b>\u201d.</p>\r\n<p style=\"text-align: justify; \">\u00a0</p>\r\n<p style=\"text-align: justify; \">TODOS OS PROJETOS FORAM APROVADOS POR UNANIMIDADE.</p>\r\n<p>\u00a0</p>\r\n<p>A reuni\u00e3o contou com a presen\u00e7a de todos os vereadores</p>\r\n<p>Assista na \u00edntegra a sess\u00e3o em nossa p\u00e1gina no\u00a0<a class=\"external-link\" href=\"https://www.facebook.com/CamaraAdamantina/videos/641954653885329\" target=\"_blank\" title=\"\">Facebook</a>.</p>\r\n<p>Toda comunidade \u00e9 convidada a acompanhar as sess\u00f5es ao vivo pelo\u00a0<a class=\"external-link\" href=\"https://www.facebook.com/CamaraAdamantina\" target=\"_blank\" title=\"\">facebook</a>,\u00a0bem como pela\u00a0R\u00e1dio Cultura, 99,3 FM, Radio Joia 93,7 FM e TV Cidade.\u00a0 \u00a0\u00a0</p>", "author_name": "", "version": "1.0", "author_url": "https://www.adamantina.sp.leg.br/author/adm", "provider_name": "C\u00e2mara Municipal de Adamantina", "type": "rich"}