{"provider_url": "https://www.adamantina.sp.leg.br", "title": "Resumo 20\u00aa Sess\u00e3o Ordin\u00e1ria", "html": "<p style=\"text-align: justify; \">Ontem, 20 de novembro, esta Casa de Leis realizou a\u00a0 20\u00aa Sess\u00e3o Ordin\u00e1ria que contou com a presen\u00e7a de todos os vereadores. Conforme Circular 051/17, foram apreciados e votados\u00a0<b>EM PRIMEIRA DISCUSS\u00c3O</b> os projetos:<span>\u00a0</span></p>\r\n<p style=\"text-align: justify; \"><b><span>Projeto de Lei n\u00ba 053/17</span></b> \u2013 Vereadores Alcio Roberto Ikeda J\u00fanior e Eduardo Rodrigues Fiorillo \u2013 que \u201cInstitui e inclui a Semana Jur\u00eddica no Calend\u00e1rio Oficial do Munic\u00edpio de Adamantina e d\u00e1 outras provid\u00eancias.\u201d</p>\r\n<p style=\"text-align: justify; \"><b><span>Projeto de Lei Complementar n\u00ba 043/17</span></b> \u2013 PM \u2013 que \u201cDisp\u00f5e sobre altera\u00e7\u00e3o do par\u00e1grafo \u00fanico do artigo 1\u00ba da Lei Complementar n\u00ba 295, de 17 de outubro de 2017.\u201d</p>\r\n<p style=\"text-align: justify; \">Ambos foram aprovados por unanimidade conforme a discuss\u00e3o.</p>\r\n<p style=\"text-align: justify; \">Foram ainda apreciados <strong>16 Requerimentos</strong>,\u00a0<strong>35 Indica\u00e7\u00f5es\u00a0</strong>e\u00a0<strong>4 Mo\u00e7\u00f5es de Congratula\u00e7\u00f5es e Aplausos</strong>.</p>\r\n<div style=\"text-align: justify; \"><span>A reuni\u00e3o contou anda com a presen\u00e7a de representantes da imprensa escrita e falada e outros membros de nossa comunidade.</span></div>\r\n<div>\r\n<p style=\"text-align: justify; \"><span><br /></span></p>\r\n<p style=\"text-align: justify; \"><span>A pr\u00f3xima Sess\u00e3o Ordin\u00e1ria, 20\u00aa, ser\u00e1 realizada em 04 de dezembro. Toda a comunidade \u00e9 convidada a acompanhar pessoalmente ou pelas R\u00e1dios\u00a0R\u00e1dio Joia, Life FM.\u00a0</span></p>\r\n</div>", "author_name": "adt", "version": "1.0", "author_url": "https://www.adamantina.sp.leg.br/author/adt", "provider_name": "C\u00e2mara Municipal de Adamantina", "type": "rich"}