{"provider_url": "https://www.adamantina.sp.leg.br", "title": "Resumo 1\u00aa Sess\u00e3o Solene", "html": "<p style=\"text-align: justify; \">No dia 1\u00ba de janeiro a C\u00e2mara Municipal de Adamantina realizou a 1\u00aa Sess\u00e3o Solene de 2025.</p>\r\n<p style=\"text-align: justify; \">Na mesma foram empossados os\u00a0Senhores Vereadores,<b>\u00a0</b><span><strong>Aguinaldo Pires Galv\u00e3o</strong>,\u00a0</span><span>\u00a0<strong>Cid Jos\u00e9 Aparecido dos Santos</strong>,</span><span>\u00a0<strong>Daniel Augusto da Silva Fabri</strong>,\u00a0<strong>Eder do Nascimento Ruete</strong>,</span><span>\u00a0<strong>H\u00e9lio Jos\u00e9 dos Santos</strong>,</span><span>\u00a0<strong>Maria Gabriela Costa Calil Bearare</strong>, M<strong>arta de Almeida Bezzera</strong>,\u00a0<strong>Mary Alves dos Santos</strong>,</span><span>\u00a0<strong>Rog\u00e9rio Cesar Sacoman</strong>,\u00a0</span>da Vice-Prefeita<b> </b><strong>Sra. L\u00facia Yassuko Nakamura Haga</strong> e do Prefeito Municipal de Adamantina,<b>\u00a0Sr. Jos\u00e9 Carlos Martins Tiveron</b><span>, eleitos em 06 de outubro de 2024, bem como para a instala\u00e7\u00e3o da 19\u00aa Legislatura - 2025/2028 e elei\u00e7\u00e3o da Mesa da C\u00e2mara Municipal para o bi\u00eanio 2025/2026.</span></p>\r\n<p style=\"text-align: justify; \"><span>Presidiu a Sess\u00e3o Solene de Posse, extraordinariamente, a Vereadora\u00a0Maria Gabriela Costa Calil Bearare, juntamente com Marta de Almeida Bezerra e Daniel Augusto da Silva Fabri, para assumirem as fun\u00e7\u00f5es de 1\u00aa Secret\u00e1ria e 2\u00ba Secret\u00e1rio.</span></p>\r\n<p style=\"text-align: justify; \"><span>A vota\u00e7\u00e3o da Mesa Diretora foi realizada publicamente, chegando-se ao seguinte resultado: Para <span>Presidente</span>: Eder do Nascimento Ruete \u2013 7 votos; Para <span>Vice-Presidente</span>: Maria Gabriela Costa Calil Bearare \u2013 9 votos; Para 1\u00aa Secret\u00e1ria: Mary Alves dos Santos \u2013 7 votos; Para <span>2\u00ba Secret\u00e1rio</span>: Daniel Augusto da Silva Fabri \u2013 7 votos, sendo 2 votos em branco. Terminada as vota\u00e7\u00f5es, ficou assim constitu\u00edda a Mesa Diretora da C\u00e2mara Municipal de Adamantina para o bi\u00eanio 2025/2026: <em>Presidente:</em><b> Eder do Nascimento Ruete;</b> <em>Vice-Presidente:</em><b> Maria Gabriela Costa Calil Bearare;</b> <em>1\u00aa Secret\u00e1ria:</em> <b>Mary Alves dos Santos;</b> <em>2\u00ba Secret\u00e1rio:</em><b> Daniel Augusto da Silva Fabri</b>.</span></p>\r\n<p>Assista na \u00edntegra a sess\u00e3o em nossa p\u00e1gina no\u00a0<a class=\"external-link\" href=\"https://www.facebook.com/CamaraAdamantina/videos/9339225542757317/\" target=\"_blank\" title=\"\">Facebook</a>.</p>\r\n<p>Toda comunidade \u00e9 convidada a acompanhar as sess\u00f5es ao vivo pelo\u00a0<a class=\"external-link\" href=\"https://www.facebook.com/CamaraAdamantina\" target=\"_blank\" title=\"\">facebook</a>,\u00a0bem como pela\u00a0R\u00e1dio Cultura, e TV Folha Regional.</p>", "author_name": "", "version": "1.0", "author_url": "https://www.adamantina.sp.leg.br/author/adm", "provider_name": "C\u00e2mara Municipal de Adamantina", "type": "rich"}