{"provider_url": "https://www.adamantina.sp.leg.br", "title": "Resumo 1\u00aa Sess\u00e3o Ordin\u00e1ria", "html": "<p><span>Ontem, 03, a C\u00e2mara Municipal de Adamantina realizou a 1\u00aa Sess\u00e3o Ordin\u00e1ria desta Legislatura.</span></p>\r\n<p><span>Foram apresentados\u00a0<strong>21 Requerimentos</strong>,\u00a0<strong>42 Indica\u00e7\u00f5es</strong> e\u00a0<strong>4 Mo\u00e7\u00f5es</strong>.</span></p>\r\n<p>Conforme <a class=\"external-link\" href=\"https://sapl.adamantina.sp.leg.br/media/sapl/public/materialegislativa/2025/16208/circular_001.pdf\" target=\"_blank\" title=\"\">Circular n\u00ba 001/2025</a>, nada constou nada Ordem do Dia.</p>\r\n<p>A reuni\u00e3o contou com a presen\u00e7a de todos os vereadores.</p>\r\n<p>Assista na \u00edntegra a sess\u00e3o em nosso Canal no <a class=\"external-link\" href=\"https://www.youtube.com/watch?v=ON-5EnxHVbg\" target=\"_blank\" title=\"\">YouTube</a>.</p>\r\n<p>A 2\u00aa Sess\u00e3o Ordin\u00e1ria acontecer no dia 17 de fevereiro de 2025.</p>\r\n<p>Toda comunidade \u00e9 convidada a acompanhar as sess\u00f5es ao vivo pelo\u00a0<a class=\"external-link\" href=\"https://www.facebook.com/CamaraAdamantina\" target=\"_blank\" title=\"\">facebook</a>,\u00a0bem como pela\u00a0R\u00e1dio Cultura e nosso canal no\u00a0<a class=\"external-link\" href=\"https://youtube.com/@cmatransmissao\" target=\"_blank\" title=\"\">Youtube</a>.</p>", "author_name": "", "version": "1.0", "author_url": "https://www.adamantina.sp.leg.br/author/adm", "provider_name": "C\u00e2mara Municipal de Adamantina", "type": "rich"}