{"provider_url": "https://www.adamantina.sp.leg.br", "title": "Resumo 1\u00aa Sess\u00e3o Ordin\u00e1ria", "html": "<p style=\"text-align: justify; \">Ontem, esta Casa de Leis realizou a 1\u00aa Sess\u00e3o Ordin\u00e1ria desta Legislatura.</p>\r\n<p style=\"text-align: justify; \"><span>Conforme\u00a0</span><a class=\"external-link\" href=\"https://sapl.adamantina.sp.leg.br/media/sapl/public/materialegislativa/2021/12005/circular.pdf\" target=\"_blank\" title=\"\">Circular n\u00ba 001/2021</a><span>, nada constou na Ordem do Dia.</span></p>\r\n<p style=\"text-align: justify; \">Ainda, foram apresentados\u00a0<strong>29 Requerimentos</strong>,\u00a0<strong>67 Indica\u00e7\u00f5es</strong> e\u00a0<strong>04 Mo\u00e7\u00f5es de Congratula\u00e7\u00f5es e Aplausos</strong>.</p>\r\n<p style=\"text-align: justify; \"><span>A reuni\u00e3o contou com a presen\u00e7a de todos os vereadores.</span></p>\r\n<p>Assista na \u00edntegra a sess\u00e3o que foi transmitida pela nossa\u00a0<a class=\"external-link\" href=\"https://www.facebook.com/luizroberto.andrade.14/videos/3670524273024040\" target=\"_blank\" title=\"\">fanpage</a>.</p>\r\n<p>A 2\u00aa Sess\u00e3o Ordin\u00e1ria, realizar-se-\u00e1 no dia 15 de fevereiro de 2021.</p>\r\n<p><span>Toda comunidade \u00e9 convidada a acompanhar ao vivo pelo\u00a0</span><a class=\"external-link\" href=\"https://www.facebook.com/CamaraAdamantina\" target=\"_blank\" title=\"\">facebook</a>, bem como pela\u00a0<span>R\u00e1dio Cultura, 99,3 FM.</span></p>", "author_name": "", "version": "1.0", "author_url": "https://www.adamantina.sp.leg.br/author/adm", "provider_name": "C\u00e2mara Municipal de Adamantina", "type": "rich"}