{"provider_url": "https://www.adamantina.sp.leg.br", "title": "Resumo 1\u00aa Sess\u00e3o Extraordin\u00e1ria", "html": "<p style=\"text-align: justify; \">No dia 19 de fevereiro a C\u00e2mara Municipal de Adamantina realizou a 1\u00aa Sess\u00e3o Extraordin\u00e1ria desta Legislatura.</p>\r\n<p style=\"text-align: justify; \">Conforme <a class=\"external-link\" href=\"https://sapl.adamantina.sp.leg.br/media/sapl/public/materialegislativa/2025/16295/circular_005_-_1a_sessao_extraordinaria.pdf\" target=\"_blank\" title=\"\">Circular n\u00ba 005/2025</a> foram apreciados e votados\u00a0<span>os seguintes projetos:</span></p>\r\n<p style=\"text-align: justify; \">\u00a0</p>\r\n<p style=\"text-align: justify; \"><b><span>EM DISCUSS\u00c3O \u00daNICA</span></b></p>\r\n<p style=\"text-align: justify; \"><b><a class=\"external-link\" href=\"https://sapl.adamantina.sp.leg.br/media/sapl/public/materialegislativa/2025/16293/2a_ordinaria_-_projeto_de_lei_011_-_abono_dos_servidores_fai.pdf\" target=\"_blank\" title=\"\">Projeto de Lei n\u00ba 011/2025</a></b><span> \u2013 PM \u2013 que \u201cDisp\u00f5e sobre autoriza\u00e7\u00e3o para que o Centro Universit\u00e1rio de Adamantina - FAI possa conceder abono pecuni\u00e1rio especial aos servidores ativos e inativos da institui\u00e7\u00e3o e d\u00e1 outras provid\u00eancias.\u201d</span></p>\r\n<p style=\"text-align: justify; \"><b><span><a class=\"external-link\" href=\"https://sapl.adamantina.sp.leg.br/media/sapl/public/materialegislativa/2025/16294/2a_ordinaria_-_projeto_de_lei_012_-_abono_aos_servidores_prefeitura.pdf\" target=\"_blank\" title=\"\">Projeto de Lei n\u00ba 012/2025</a></span></b> \u2013 PM \u2013 que \u201cDisp\u00f5e sobre autoriza\u00e7\u00e3o para que o Chefe do Poder Executivo possa conceder abono pecuni\u00e1rio especial aos servidores ativos, inativos e pensionistas da Administra\u00e7\u00e3o Direta do Munic\u00edpio de Adamantina, e d\u00e1 outras provid\u00eancias.\u201d</p>\r\n<p style=\"text-align: justify; \">\u00a0</p>\r\n<p style=\"text-align: justify; \"><b><span>EM SEGUNDA DISCUSS\u00c3O E REDA\u00c7\u00c3O FINAL</span></b></p>\r\n<p style=\"text-align: justify; \"><b><a class=\"external-link\" href=\"https://sapl.adamantina.sp.leg.br/media/sapl/public/materialegislativa/2025/16221/1a_ordinaria_-_projeto_de_lei_complementar_002_-_m_006_-__cria_vagas_de_inspetor_de_alunos_de_escola_publica.pdf\" target=\"_blank\" title=\"\">Projeto de Lei Complementar n\u00ba 002/2025</a></b><span> \u2013 PM \u2013 que \u201cDisp\u00f5e sobre a cria\u00e7\u00e3o de vagas de empregos permanentes de vagas de Inspetor de Alunos de Escola P\u00fablica e altera\u00e7\u00e3o do Anexo I - Quadro de Pessoal Consolidado da Lei Complementar n.\u00ba 448, de 20 de mar\u00e7o de 2024 e d\u00e1 outras provid\u00eancias.\u201d</span></p>\r\n<p style=\"text-align: justify; \"><b><span><a class=\"external-link\" href=\"https://sapl.adamantina.sp.leg.br/media/sapl/public/materialegislativa/2025/16222/1a_ordinaria_-_projeto_de_lei_complementar_003_-_013_-_reajuste_dos_servidores_prefeitura_55.pdf\" target=\"_blank\" title=\"\">Projeto de Lei Complementar n\u00ba 003/2025</a></span></b> \u2013 PM \u2013 que \u201cDisp\u00f5e sobre a Revis\u00e3o Geral Anual dos Vencimentos, Proventos e Pens\u00f5es dos Servidores P\u00fablicos Ativos, Inativos e Pensionistas da Prefeitura do Munic\u00edpio de Adamantina.\u201d</p>\r\n<p style=\"text-align: justify; \"><b><span><a class=\"external-link\" href=\"https://sapl.adamantina.sp.leg.br/media/sapl/public/materialegislativa/2025/16223/1a_ordinaria_-_projeto_de_lei_complementar_004_-_m_014_-_reajuste_dos_servidores_fai.pdf\" target=\"_blank\" title=\"\">Projeto de Lei Complementar n\u00ba 004/2025</a></span></b> \u2013 PM \u2013 que \u201cDisp\u00f5e sobre a revis\u00e3o geral anual dos vencimentos, proventos e pens\u00f5es dos servidores p\u00fablicos ativos e inativos dos quadros administrativo e docente do Centro Universit\u00e1rio de Adamantina - FAI.\u201d</p>\r\n<p>A reuni\u00e3o contou com a presen\u00e7a de todos os vereadores.</p>\r\n<p>Assista na \u00edntegra a sess\u00e3o em nosso canal no <a class=\"external-link\" href=\"https://www.youtube.com/watch?v=z6A9Ht3rhhM\" target=\"_blank\" title=\"\">YouTube</a>.</p>\r\n<p>Toda comunidade \u00e9 convidada a acompanhar as sess\u00f5es ao vivo pelo\u00a0<a class=\"external-link\" href=\"https://www.facebook.com/CamaraAdamantina\" target=\"_blank\" title=\"\">facebook</a>,\u00a0bem como pela\u00a0R\u00e1dio Cultura, TV Folha Regional e nosso canal no\u00a0<a class=\"external-link\" href=\"https://www.youtube.com/@cmatransmissao\" target=\"_blank\" title=\"\">Youtube</a>.</p>", "author_name": "", "version": "1.0", "author_url": "https://www.adamantina.sp.leg.br/author/adm", "provider_name": "C\u00e2mara Municipal de Adamantina", "type": "rich"}