{"provider_url": "https://www.adamantina.sp.leg.br", "title": "Resumo 1\u00aa Sess\u00e3o Extraordin\u00e1ria", "html": "<p style=\"text-align: justify; \">No dia 26 de Abril, esta Casa de Leis realizou a 1\u00aa Sess\u00e3o Extraordin\u00e1ria.\u00a0Conforme Circular 015/17 foi apreciado o <b><span>Projeto de Lei Complementar n\u00ba 015/17</span></b><span>, de autoria do Executivo,</span>\u00a0que disp\u00f5e sobre a prorroga\u00e7\u00e3o do per\u00edodo de transi\u00e7\u00e3o das Faculdades Adamantinenses Integradas \u2013 FAI para Centro Universit\u00e1rio. Deixado livre o uso da palavra, n\u00e3o houve manifesta\u00e7\u00e3o, colocado em vota\u00e7\u00e3o, foi aprovado por unanimidade em Discuss\u00e3o \u00danica.</p>", "author_name": "adt", "version": "1.0", "author_url": "https://www.adamantina.sp.leg.br/author/adt", "provider_name": "C\u00e2mara Municipal de Adamantina", "type": "rich"}