{"provider_url": "https://www.adamantina.sp.leg.br", "title": "Resumo 19\u00aa Sess\u00e3o Ordin\u00e1ria", "html": "<p style=\"text-align: justify; \">Ontem, 16, a C\u00e2mara Municipal de Adamantina realizou a 19\u00aa Sess\u00e3o Ordin\u00e1ria desta Legislatura.</p>\r\n<p style=\"text-align: justify; \">Conforme <a class=\"external-link\" href=\"https://sapl.adamantina.sp.leg.br/media/sapl/public/materialegislativa/2021/13287/circular_047_19a_ordinaria.pdf\" target=\"_blank\" title=\"\">Circular n\u00ba 047/21</a> foram apreciados e votados os projetos como segue:</p>\r\n<p style=\"text-align: justify; \"><b><span>EM PRIMEIRA DISCUSS\u00c3O</span></b></p>\r\n<p style=\"text-align: justify; \"><b><a class=\"external-link\" href=\"https://sapl.adamantina.sp.leg.br/media/sapl/public/materialegislativa/2021/13237/pl_080_-_msg_082_-_projeto_de_lei_-_2021_-_concessao_de_subvencoes_e_contribuicoes_-_2022..pdf\" target=\"_blank\" title=\"\">Projeto de Lei n\u00ba 080/2021</a></b><span> \u2013 PM \u2013 que \u201cDisp\u00f5e sobre concess\u00e3o de subven\u00e7\u00f5es, aux\u00edlios, contribui\u00e7\u00f5es e conv\u00eanios, termo de colabora\u00e7\u00e3o/fomento\u201d.\u00a0<strong>(APROVADO POR UNANIMIDADE)</strong></span></p>\r\n<p style=\"text-align: justify; \"><b><br /></b></p>\r\n<p style=\"text-align: justify; \"><b>EM SEGUNDA DISCUSS\u00c3O E REDA\u00c7\u00c3O FINAL</b></p>\r\n<p style=\"text-align: justify; \"><b><a class=\"external-link\" href=\"https://sapl.adamantina.sp.leg.br/media/sapl/public/materialegislativa/2021/13174/projeto_de_lei_074_-_fibromialgia.pdf\" target=\"_blank\" title=\"\">Projeto de Lei n\u00ba 074/21</a></b><span> \u2013 Vereadores Paulo C\u00e9sar Cervelheira de Oliveira, Alcio Roberto Ikeda J\u00fanior e Noriko Onishi Saito \u2013 que \u201cDisp\u00f5e sobre o atendimento preferencial \u00e0s pessoas com fibromialgia, em local que especifica e d\u00e1 outras provid\u00eancias\u201d.\u00a0<strong>(APROVADO POR UNANIMIDADE)</strong></span></p>\r\n<p style=\"text-align: justify; \"><b><span><a class=\"external-link\" href=\"https://sapl.adamantina.sp.leg.br/media/sapl/public/materialegislativa/2021/13176/pl_076_-_msg_080_-_dispoe_sobre_o_titulo_de_produtor_rural.pdf\" target=\"_blank\" title=\"\">Projeto de Lei n\u00ba 076/21</a></span></b> \u2013 PM \u2013 que \u201cDisp\u00f5e sobre a cria\u00e7\u00e3o do T\u00edtulo de Produtor Rural Resiliente e d\u00e1 outras provid\u00eancias\u201d.\u00a0<strong>(APROVADO POR UNANIMIDADE)</strong></p>\r\n<p style=\"text-align: justify; \"><b><a class=\"external-link\" href=\"https://sapl.adamantina.sp.leg.br/media/sapl/public/materialegislativa/2021/13178/pl_078_-_msg_083_-_itbi__rural_2021.pdf\" target=\"_blank\" title=\"\">Projeto de Lei n\u00ba 078/21</a></b><span> \u2013 PM \u2013 que \u201cEstabelece o valor do alqueire para c\u00e1lculo do Imposto sobre Transmiss\u00e3o de Bens Im\u00f3veis \u2013 \u201cInter Vivos\u201d \u2013 ITBI\u201d.\u00a0<strong>(APROVADO)</strong></span></p>\r\n<p style=\"text-align: justify; \"><b><a class=\"external-link\" href=\"https://sapl.adamantina.sp.leg.br/media/sapl/public/materialegislativa/2021/13179/pl_079_-_convenio_unifai_alcio.pdf\" target=\"_blank\" title=\"\">Projeto de Lei n\u00ba 079/21</a></b><span> \u2013 Vereadores Alcio Roberto Ikeda J\u00fanior, Rafael Rodrigues Pacheco, Ant\u00f4nio Le\u00f4ncio da Silva, Noriko Onishi Saito, Paulo C\u00e9sar Cervelheira de Oliveira e Aguinaldo Pires Galv\u00e3o \u2013 que \u201cDisp\u00f5e sobre autoriza\u00e7\u00e3o para que a C\u00e2mara Municipal possa celebrar conv\u00eanio com o Centro Universit\u00e1rio de Adamantina \u2013 UNIFAI, visando a realiza\u00e7\u00e3o de programas ou projetos informativos e educacionais e d\u00e1 outras provid\u00eancias\u201d.\u00a0</span><strong>(APROVADO POR UNANIMIDADE)</strong></p>\r\n<p style=\"text-align: justify; \"><strong><br /></strong></p>\r\n<p style=\"text-align: justify; \">Ainda, foram apreciados e votados\u00a0<strong>15 Requerimentos,</strong>\u00a0<strong>35 Indica\u00e7\u00f5es</strong> e\u00a0<strong>1 Mo\u00e7\u00e3o de Congratula\u00e7\u00f5es e Aplausos</strong>.</p>\r\n<p>A reuni\u00e3o contou com a presen\u00e7a de todos os vereadores.</p>\r\n<p>Assista na \u00edntegra a sess\u00e3o em nossa p\u00e1gina no\u00a0<a class=\"external-link\" href=\"https://www.facebook.com/CamaraAdamantina/videos/1282986655458962/\" target=\"_blank\" title=\"\">Facebook</a>.</p>\r\n<p>Toda comunidade \u00e9 convidada a acompanhar as sess\u00f5es ao vivo pelo\u00a0<a class=\"external-link\" href=\"https://www.facebook.com/CamaraAdamantina\" target=\"_blank\" title=\"\">facebook</a>,\u00a0bem como pela\u00a0R\u00e1dio Cultura, 99,3 FM, Radio Joia 93,7 FM e TV Cidade.\u00a0 \u00a0\u00a0</p>", "author_name": "", "version": "1.0", "author_url": "https://www.adamantina.sp.leg.br/author/adm", "provider_name": "C\u00e2mara Municipal de Adamantina", "type": "rich"}