{"provider_url": "https://www.adamantina.sp.leg.br", "title": "Resumo 19\u00aa e 20\u00aa Sess\u00f5es Extraordin\u00e1rias", "html": "<p style=\"text-align: justify; \">Nos dias 09 e 24 de Junho ocorreram, respectivamente, as 19\u00aa e 20\u00aa Sess\u00f5es Extraordin\u00e1rias desta Legislatura.</p>\r\n<p style=\"text-align: justify; \">Na 19\u00aa Sess\u00e3o Extraordin\u00e1ria foi apreciado e votado,\u00a0<b>EM DISCUSS\u00c3O \u00daNICA\u00a0</b>o\u00a0<a class=\"external-link\" href=\"https://sapl.adamantina.sp.leg.br/media/sapl/public/materialegislativa/2022/13854/30a_pl_040_-_m_049_-_autoriza_repassar_apae_r_54.11200_-_residencia_inclusiva_regional.pdf\" target=\"_blank\" title=\"\"><b>Projeto de Lei n\u00ba 0</b><b>40</b><b>/2022</b></a><span>, de autoria do Prefeito Municipal, que \u201cDisp\u00f5e sobre autoriza\u00e7\u00e3o para a Prefeitura do Munic\u00edpio de Adamantina abrir cr\u00e9dito adicional, no valor de R$ 54.112,00 (cinquenta e quatro mil, cento e doze reais), e repassar para a ASSOCIA\u00c7\u00c3O DE PAIS E AMIGOS DOS EXCEPCIONAIS DE ADAMANTINA \u2013 APAE Adamantina e d\u00e1 outras provid\u00eancias\u201d.</span></p>\r\n<p style=\"text-align: justify; \">Na 20\u00aa Sess\u00e3o Extraordin\u00e1ria foi apreciado e votado,\u00a0<b>EM SEGUNDA DISCUSS\u00c3O E REDA\u00c7\u00c3O FINAL\u00a0</b>o\u00a0<b><a class=\"external-link\" href=\"https://sapl.adamantina.sp.leg.br/media/sapl/public/materialegislativa/2022/13816/29a_ord._-_plc_013_m_048_-_cria_vagas_de_engenheiro_civil_e_operador_de_maquina_extingue_vagas_de_fiscal_de_embarque_sem_referencia_10_1.pdf\" target=\"_blank\" title=\"\">Projeto de Lei Complementar n\u00ba 013/2022</a></b><span>, tamb\u00e9m de autoria do Poder Executivo, que \u201cDisp\u00f5e sobre a cria\u00e7\u00e3o de vagas de empregos permanentes de Engenheiro, Operador de M\u00e1quina Manual, redu\u00e7\u00e3o do n\u00famero de vagas de Fiscal de Embarque, altera\u00e7\u00e3o de jornada de trabalho e altera\u00e7\u00e3o do Anexo I da Lei Complementar n\u00ba 392, de 25 de fevereiro de 2022 e d\u00e1 outras provid\u00eancias\u201d.</span></p>\r\n<p style=\"text-align: justify; \">Ambos os projetos foram aprovados por unanimidade.</p>\r\n<p>As reuni\u00f5es contaram com a presen\u00e7a de todos os vereadores</p>\r\n<p>Assista na \u00edntegra a 19\u00aa sess\u00e3o em nossa p\u00e1gina no\u00a0<a class=\"external-link\" href=\"https://www.facebook.com/CamaraAdamantina/videos/1025481318338325/\" target=\"_blank\" title=\"\">F</a><span><a class=\"external-link\" href=\"https://www.facebook.com/CamaraAdamantina/videos/1025481318338325/\" target=\"_blank\" title=\"\">acebook</a>.</span></p>\r\n<p>Toda comunidade \u00e9 convidada a acompanhar as sess\u00f5es ao vivo pelo\u00a0<a class=\"external-link\" href=\"https://www.facebook.com/CamaraAdamantina\" target=\"_blank\" title=\"\">facebook</a>,\u00a0bem como pela\u00a0R\u00e1dio Cultura, 99,3 FM, Radio Joia 93,7 FM e TV Cidade.</p>", "author_name": "", "version": "1.0", "author_url": "https://www.adamantina.sp.leg.br/author/adm", "provider_name": "C\u00e2mara Municipal de Adamantina", "type": "rich"}