{"provider_url": "https://www.adamantina.sp.leg.br", "title": "Resumo 18\u00aa Sess\u00e3o Ordin\u00e1ria", "html": "<p style=\"text-align: justify; \">Ontem, 03, esta Casa de Leis realizou a 18\u00aa Sess\u00e3o Ordin\u00e1ria desta Legislatura.</p>\r\n<p style=\"text-align: justify; \">Conforme <a class=\"external-link\" href=\"https://sapl.adamantina.sp.leg.br/media/sapl/public/materialegislativa/2021/13236/circular_044_18a_ordinaria.pdf\" target=\"_blank\" title=\"\">Circular n\u00ba 044/2021</a> foram apreciados e votados os projetos como segue:</p>\r\n<p style=\"text-align: justify; \"><b><span>EM DISCUSS\u00c3O \u00daNICA</span></b></p>\r\n<p style=\"text-align: justify; \"><a class=\"external-link\" href=\"https://sapl.adamantina.sp.leg.br/media/sapl/public/materialegislativa/2021/13177/pl_077_-_msg_081_-_autoriza_repassar_lar_dos_velhos_de_adamantina_r_26.72700.pdf\" target=\"_blank\" title=\"\"><b><span>Projeto de Lei n\u00ba 07</span></b><b><span>7</span></b><b><span>/21</span></b></a> \u2013 PM \u2013 que \u201cDisp\u00f5e sobre autoriza\u00e7\u00e3o para a Prefeitura do Munic\u00edpio de Adamantina realizar a abertura de cr\u00e9dito adicional suplementar e repassar ao LAR DOS VELHOS - OBRA UNIDA A SOCIEDADE S\u00c3O VICENTE DE PAULO, sob a forma de transfer\u00eancia, recursos financeiros e d\u00e1 outras provid\u00eancias.\u201d</p>\r\n<p style=\"text-align: justify; \"><b><span>EM PRIMEIRA DISCUSS\u00c3O</span></b></p>\r\n<p style=\"text-align: justify; \"><b><span><a class=\"external-link\" href=\"https://sapl.adamantina.sp.leg.br/media/sapl/public/materialegislativa/2021/13174/projeto_de_lei_074_-_fibromialgia.pdf\" target=\"_blank\" title=\"\">Projeto de Lei n\u00ba 074/21</a></span></b> \u2013 Vereadores Paulo C\u00e9sar Cervelheira de Oliveira, Alcio Roberto Ikeda J\u00fanior e Noriko Onishi Saito \u2013 que \u201cDisp\u00f5e sobre o atendimento preferencial \u00e0s pessoas com fibromialgia, em local que especifica e d\u00e1 outras provid\u00eancias\u201d.</p>\r\n<p style=\"text-align: justify; \"><b><span><a class=\"external-link\" href=\"https://sapl.adamantina.sp.leg.br/media/sapl/public/materialegislativa/2021/13175/pl_075_-_msg_075_-_projeto_de_lei_-_loa_2022.pdf\" target=\"_blank\" title=\"\">Projeto de Lei n\u00ba 075/21</a></span></b> \u2013 PM \u2013 que \u201cEstima a Receita e Fixa a Despesa do Munic\u00edpio de Adamantina para o exerc\u00edcio de 2022\u201d.</p>\r\n<p style=\"text-align: justify; \"><b><span><a class=\"external-link\" href=\"https://sapl.adamantina.sp.leg.br/media/sapl/public/materialegislativa/2021/13176/pl_076_-_msg_080_-_dispoe_sobre_o_titulo_de_produtor_rural.pdf\" target=\"_blank\" title=\"\">Projeto de Lei n\u00ba 076/21</a></span></b> \u2013 PM \u2013 que \u201cDisp\u00f5e sobre a cria\u00e7\u00e3o do T\u00edtulo de Produtor Rural Resiliente e d\u00e1 outras provid\u00eancias\u201d.</p>\r\n<p style=\"text-align: justify; \"><b><span><a class=\"external-link\" href=\"https://sapl.adamantina.sp.leg.br/media/sapl/public/materialegislativa/2021/13178/pl_078_-_msg_083_-_itbi__rural_2021.pdf\" target=\"_blank\" title=\"\">Projeto de Lei n\u00ba 078/21</a></span></b> \u2013 PM \u2013 que \u201cEstabelece o valor do alqueire para c\u00e1lculo do Imposto sobre Transmiss\u00e3o de Bens Im\u00f3veis \u2013 \u201cInter Vivos\u201d \u2013 ITBI\u201d.</p>\r\n<p style=\"text-align: justify; \"><b><span><a class=\"external-link\" href=\"https://sapl.adamantina.sp.leg.br/media/sapl/public/materialegislativa/2021/13179/pl_079_-_convenio_unifai_alcio.pdf\" target=\"_blank\" title=\"\">Projeto de Lei n\u00ba 079/21</a></span></b> \u2013 Vereadores Alcio Roberto Ikeda J\u00fanior, Rafael Rodrigues Pacheco, Ant\u00f4nio Le\u00f4ncio da Silva, Noriko Onishi Saito, Paulo C\u00e9sar Cervelheira de Oliveira e Aguinaldo Pires Galv\u00e3o \u2013 que \u201cDisp\u00f5e sobre autoriza\u00e7\u00e3o para que a C\u00e2mara Municipal possa celebrar conv\u00eanio com o Centro Universit\u00e1rio de Adamantina \u2013 UNIFAI, visando a realiza\u00e7\u00e3o de programas ou projetos informativos e educacionais e d\u00e1 outras provid\u00eancias\u201d. \u00a0</p>\r\n<p style=\"text-align: justify; \"><b><span><a class=\"external-link\" href=\"https://sapl.adamantina.sp.leg.br/media/sapl/public/materialegislativa/2021/12997/plc_011_-_msg_073_-_lei_complementar__-_2a_revisao_do_plano_diretor_-_lc_80-2006.pdf\" target=\"_blank\" title=\"\">Projeto de Lei Complementar n\u00ba 011/2021</a></span></b> \u2013 PM \u2013 que \u201cDisp\u00f5e sobre a 2\u00aa revis\u00e3o da Lei Complementar n\u00b0 080, de 09 de outubro de 2006, que institui o Plano Diretor do Munic\u00edpio de Adamantina e d\u00e1 outras provid\u00eancias\u201d.\u00a0</p>\r\n<p style=\"text-align: justify; \">TODOS OS PROJETOS FORAM APROVADOS.</p>\r\n<p><span>Ainda, foram apresentados<strong> 7\u00a0Requerimentos</strong>, <strong>34\u00a0Indica\u00e7\u00f5es</strong>\u00a0e <strong>1\u00a0Mo\u00e7\u00e3o de Congratula\u00e7\u00f5es e Aplausos</strong>.</span></p>\r\n<p>\u00a0A reuni\u00e3o contou com a presen\u00e7a de todos os vereadores.</p>\r\n<p>Assista na \u00edntegra a sess\u00e3o em nossa p\u00e1gina no <a class=\"external-link\" href=\"https://www.facebook.com/CamaraAdamantina/videos/4213880282074376\" target=\"_blank\" title=\"\">Facebook</a>.</p>\r\n<p>Toda comunidade \u00e9 convidada a acompanhar as sess\u00f5es ao vivo pelo\u00a0<a class=\"external-link\" href=\"https://www.facebook.com/CamaraAdamantina\" target=\"_blank\" title=\"\">facebook</a>,\u00a0bem como pela\u00a0R\u00e1dio Cultura, 99,3 FM, Radio Joia 93,7 FM e TV Cidade.<span>\u00a0 \u00a0\u00a0</span></p>", "author_name": "", "version": "1.0", "author_url": "https://www.adamantina.sp.leg.br/author/adm", "provider_name": "C\u00e2mara Municipal de Adamantina", "type": "rich"}