{"provider_url": "https://www.adamantina.sp.leg.br", "title": "Resumo 18\u00aa Sess\u00e3o Ordin\u00e1ria", "html": "<p style=\"text-align: justify; \">A C\u00e2mara Municipal de Adamantina realizou na \u00faltima segunda-feira, 16, a 18\u00aa Sess\u00e3o Ordin\u00e1ria.\u00a0</p>\r\n<p style=\"text-align: justify; \">Foram apresentadas e votadas\u00a0<strong>25 Indica\u00e7\u00f5es</strong>, em sua maioria solicitando melhorias ao munic\u00edpio;\u00a0<strong>21 Requerimentos</strong>,\u00a0<span>maior parte pedindo recursos financeiros \u00e0 cidade, e\u00a0</span><strong>2 Mo\u00e7\u00f5es de Congratula\u00e7\u00f5es e Aplausos</strong><span>.</span></p>\r\n<p style=\"text-align: justify; \">Foram ainda apreciados e votados, conforme Circular 047/17 os projetos abaixo:</p>\r\n<p style=\"text-align: justify; \"><b><span>* <span>EM DISCUSS\u00c3O \u00daNICA</span></span></b></p>\r\n<p style=\"text-align: justify; \"><b>Projeto de Lei n\u00ba 050/17</b><span> \u2013 PM \u2013 que \u201cDisp\u00f5e sobre autoriza\u00e7\u00e3o para a Prefeitura do Munic\u00edpio de Adamantina repassar \u00e0 Irmandade de Santa Casa de Miseric\u00f3rdia de Adamantina, sob a forma de subven\u00e7\u00e3o social, recursos financeiros no valor de R$ 75.000,00 do Fundo Municipal de Sa\u00fade e d\u00e1 outras provid\u00eancias.\u201d\u00a0<span><strong>(Aprovado por unanimidade)</strong></span></span></p>\r\n<p style=\"text-align: justify; \"><b><span>Projeto de Lei n\u00ba 051/17</span></b> \u2013 PM \u2013 que \u201cAutoriza o Poder Executivo a ceder espa\u00e7o p\u00fablico para o funcionamento da Ag\u00eancia Regional do Trabalho e d\u00e1 outras provid\u00eancias.\u201d\u00a0<span>\u00a0<strong>(Aprovado por unanimidade)</strong></span></p>\r\n<p style=\"text-align: justify; \"><b>*\u00a0</b><span><b>EM SEGUNDA</b><b>\u00a0DISCUSS\u00c3O E REDA\u00c7\u00c3O FINAL</b></span></p>\r\n<p style=\"text-align: justify; \"><b>Projeto de Lei n\u00ba 044/17</b><span> \u2013 PM \u2013 que \u201cDisp\u00f5e sobre a cria\u00e7\u00e3o do Quadro de Empregos P\u00fablicos para fins de execu\u00e7\u00e3o espec\u00edfica do programa Estrat\u00e9gia da Sa\u00fade da Fam\u00edlia e d\u00e1 outras provid\u00eancias.\u201d\u00a0<span><strong>(Aprovado por unanimidade)</strong></span></span></p>\r\n<p style=\"text-align: justify; \"><b><span>Projeto de Lei n\u00ba 045/17</span></b> \u2013 PM \u2013 que \u201cDisp\u00f5e sobre a cria\u00e7\u00e3o do Quadro de Empregos P\u00fablicos para fins de execu\u00e7\u00e3o espec\u00edfica do N\u00facleo de Apoio \u00e0 Sa\u00fade da Fam\u00edlia \u2013 NASF e d\u00e1 outra provid\u00eancias.\u201d<span>\u00a0</span><span><strong>(Aprovado por unanimidade)</strong></span></p>\r\n<p style=\"text-align: justify; \"><b><span>Projeto de Lei Complementar n\u00ba 040/17</span></b> \u2013 PM \u2013 que \u201cDisp\u00f5e sobre autoriza\u00e7\u00e3o para o Chefe do Poder Executivo alienar, por <b>doa\u00e7\u00e3o</b>, \u00e0 empresa CONSTRUTORA ROTOLI LTDA. EPP o im\u00f3vel que especifica.\u201d<span>\u00a0</span><span><strong>(Aprovado por unanimidade)</strong></span></p>\r\n<p style=\"text-align: justify; \"><b><span>Projeto de Lei Complementar n\u00ba 041/17</span></b> \u2013 PM \u2013 que \u201cDisp\u00f5e sobre altera\u00e7\u00e3o do Anexo I da Lei Complementar n\u00ba 283, de 12 de julho de 2017 (cria\u00e7\u00e3o de cargo: Diretor de Planejamento Or\u00e7ament\u00e1rio).\u201d<span>\u00a0</span><span><strong>(Aprovado por unanimidade)</strong></span></p>\r\n<p style=\"text-align: justify; \"><b>* <span>EM PRIMEIRA DISCUSS\u00c3O</span></b></p>\r\n<p style=\"text-align: justify; \"><b>Projeto de Lei n\u00ba 046/17</b><span> \u2013 PM \u2013 que \u201cDisp\u00f5e sobre altera\u00e7\u00f5es das Leis n\u00bas 3034/12, 3071/2003, 3630/2014 e 3742/2016, referentes \u00e0 Contribui\u00e7\u00e3o para Custeio do Servi\u00e7o de Ilumina\u00e7\u00e3o P\u00fablica e d\u00e1 outras provid\u00eancias.\u201d<span>\u00a0</span><span><strong>(Aprovado, com voto contr\u00e1rio de Alcio Roberto Ikeda Junior e Paulo C\u00e9sar Cervelheira de Oliveira)</strong></span></span></p>\r\n<p style=\"text-align: justify; \"><b><span>Projeto de Lei Complementar n\u00ba 042/17</span></b> \u2013 PM \u2013 que \u201cDisp\u00f5e sobre a autoriza\u00e7\u00e3o para o Poder Executivo alienar bem im\u00f3vel, mediante Processo Licitat\u00f3rio, para a capta\u00e7\u00e3o de recursos financeiros que ser\u00e3o reinvestidos em novos bens patrimoniais e d\u00e1 outras provid\u00eancias.\u201d<span>\u00a0</span><span><strong>(Aprovado por unanimidade)</strong></span></p>\r\n<p style=\"text-align: justify; \"><span><strong><span></span></strong></span><span>A reuni\u00e3o contou com a presen\u00e7a de todos os vereadores, representantes da imprensa escrita e falada e outros membros de nossa comunidade.</span></p>\r\n<p style=\"text-align: justify; \">\u00a0</p>\r\n<p><span>A pr\u00f3xima Sess\u00e3o Ordin\u00e1ria, 19\u00aa, ser\u00e1 realizada em 06 de novembro. Toda a comunidade \u00e9 convidada a acompanhar pessoalmente ou pelas R\u00e1dios\u00a0R\u00e1dio Joia, Life FM.\u00a0</span></p>\r\n<p style=\"text-align: justify; \"><span><strong><span></span><br /></strong></span></p>", "author_name": "adt", "version": "1.0", "author_url": "https://www.adamantina.sp.leg.br/author/adt", "provider_name": "C\u00e2mara Municipal de Adamantina", "type": "rich"}