{"provider_url": "https://www.adamantina.sp.leg.br", "title": "Resumo 18\u00aa Sess\u00e3o Extraordin\u00e1ria", "html": "<p style=\"text-align: justify; \">No \u00faltimo dia 25 a C\u00e2mara Municipal de Adamantina realizou a 18\u00aa Sess\u00e3o Extraordin\u00e1ria desta Legislatura.</p>\r\n<p style=\"text-align: justify; \">Conforme <a class=\"external-link\" href=\"https://sapl.adamantina.sp.leg.br/media/sapl/public/materialegislativa/2022/13769/circular_022_18a_extra.pdf\" target=\"_blank\" title=\"\">Circular n\u00ba 022/2022</a> foram apreciados e votados os projetos como segue:</p>\r\n<p style=\"text-align: justify; \"><b><span>EM DISCUSS\u00c3O \u00daNICA</span></b></p>\r\n<p style=\"text-align: justify; \"><b><a class=\"external-link\" href=\"https://sapl.adamantina.sp.leg.br/media/sapl/public/materialegislativa/2022/13718/27a_ord._-_pl_027_-_m_033_-_autoriza_repassar_para_sta_casa_r_52.50000_covid_19.pdf\" target=\"_blank\" title=\"\">Projeto de Lei n\u00ba 027/2022</a></b><span> \u2013 PM \u2013 que \u201cDisp\u00f5e sobre autoriza\u00e7\u00e3o para a Prefeitura do Munic\u00edpio de Adamantina abrir cr\u00e9dito adicional suplementar no valor de R$ 52.500,00 e repassar \u00e0 Associa\u00e7\u00e3o Lar S\u00e3o Francisco de Assis na Provid\u00eancia de Deus, aux\u00edlio financeiro e emergencial e d\u00e1 outras provid\u00eancias\u201d.</span></p>\r\n<p style=\"text-align: justify; \"><b><span><a class=\"external-link\" href=\"https://sapl.adamantina.sp.leg.br/media/sapl/public/materialegislativa/2022/13719/27a_ord._-_pl_028_-_m_034_-_autoriza_repassar_para_sta_casa_r_26.56032.pdf\" target=\"_blank\" title=\"\">Projeto de Lei n\u00ba 028/2022</a></span></b> \u2013 PM \u2013 que \u201cDisp\u00f5e sobre autoriza\u00e7\u00e3o para a Prefeitura do Munic\u00edpio de Adamantina abrir cr\u00e9dito adicional suplementar no valor de R$ 26.560,32 e repassar \u00e0 Associa\u00e7\u00e3o Lar S\u00e3o Francisco de Assis na Provid\u00eancia de Deus, aux\u00edlio financeiro e emergencial e d\u00e1 outras provid\u00eancias\u201d.</p>\r\n<p style=\"text-align: justify; \"><b><span><a class=\"external-link\" href=\"https://sapl.adamantina.sp.leg.br/media/sapl/public/materialegislativa/2022/13723/27a_ord._-_pl_032_-_m_039_-_abertura_de__credito_ciebb_-_r_450.00000.pdf\" target=\"_blank\" title=\"\">Projeto de Lei n\u00ba 032/2022</a></span></b> \u2013 PM \u2013 que \u201cDisp\u00f5e sobre autoriza\u00e7\u00e3o para <i>abertura de cr\u00e9dito especial </i>ao Or\u00e7amento da Prefeitura do Munic\u00edpio de Adamantina no valor total de R$ 450.000,00 e d\u00e1 outras provid\u00eancias\u201d.</p>\r\n<p style=\"text-align: justify; \"><b><span><a class=\"external-link\" href=\"https://sapl.adamantina.sp.leg.br/media/sapl/public/materialegislativa/2022/13724/27a_ord._-_plc_009_-_aumento_camara.pdf\" target=\"_blank\" title=\"\">Projeto de Lei Complementar n\u00ba 009/2022</a></span></b> \u2013 Mesa da C\u00e2mara \u2013 que \u201cDisp\u00f5e sobre a revis\u00e3o e aumento real sobre os vencimentos, sal\u00e1rios, proventos e pens\u00f5es dos servidores p\u00fablicos ativos, inativos e pensionistas da C\u00e2mara Municipal de Adamantina e d\u00e1 outras provid\u00eancias\u201d.</p>\r\n<p style=\"text-align: justify; \"><b><span><a class=\"external-link\" href=\"https://sapl.adamantina.sp.leg.br/media/sapl/public/materialegislativa/2022/13725/27a_ord._-_plc_010_-_vale_alimentacao_camara.pdf\" target=\"_blank\" title=\"\">Projeto de Lei Complementar n\u00ba 010/2022</a></span></b> \u2013 Mesa da C\u00e2mara \u2013 que \u201cConcede aos servidores e funcion\u00e1rios da C\u00e2mara Municipal de Adamantina o Vale Alimenta\u00e7\u00e3o\u201d.</p>\r\n<p style=\"text-align: justify; \">TODOS OS PROJETOS FORAM APROVADOS POR UNANIMIDADE.</p>\r\n<p style=\"text-align: justify; \"><span>A reuni\u00e3o contou com a presen\u00e7a de todos os vereadores.</span></p>\r\n<p>A Sess\u00e3o foi transmitida pelo\u00a0<a class=\"external-link\" href=\"https://www.facebook.com/CamaraAdamantina/videos/715799716437488/\" target=\"_blank\" title=\"\">facebook</a>\u00a0da C\u00e2mara Municipal e voc\u00ea pode assistir em qualquer tempo,\u00a0<span>bem como pela\u00a0R\u00e1dio Cultura, 99,3 FM, Radio Joia 93,7 FM e TV Cidade.</span></p>", "author_name": "", "version": "1.0", "author_url": "https://www.adamantina.sp.leg.br/author/adm", "provider_name": "C\u00e2mara Municipal de Adamantina", "type": "rich"}