{"provider_url": "https://www.adamantina.sp.leg.br", "title": "Resumo 17\u00aa Sess\u00e3o Ordin\u00e1ria", "html": "<p style=\"text-align: justify; \">Ontem, 20, a C\u00e2mara Municipal de Adamantina realizou a 17\u00aa Sess\u00e3o Ordin\u00e1ria desta Legislatura.</p>\r\n<p style=\"text-align: justify; \">Conforme <a class=\"external-link\" href=\"https://sapl.adamantina.sp.leg.br/media/sapl/public/materialegislativa/2025/16942/circular_040_-_17a_sessao_ordinaria.pdf\" target=\"_blank\" title=\"\">Circular n\u00ba 040/2025</a>, foram apreciados e votados os projetos como segue:</p>\r\n<p style=\"text-align: justify; \"><b><span>EM DISCUSS\u00c3O \u00daNICA</span></b><span>\u00a0</span></p>\r\n<p style=\"text-align: justify; \"><a class=\"external-link\" href=\"https://sapl.adamantina.sp.leg.br/media/sapl/public/materialegislativa/2025/16941/veto_0001.pdf\" target=\"_blank\" title=\"\"><b><span>Mensagem de Veto n\u00ba </span></b><b><span>001/2025</span></b></a> \u2013 PM \u2013 que \u201cVeto total ao Projeto de Lei n\u00ba 049, de 17 de setembro de 2025.\u201d</p>\r\n<p style=\"text-align: justify; \"><a class=\"external-link\" href=\"https://sapl.adamantina.sp.leg.br/media/sapl/public/materialegislativa/2025/16872/16a_projeto_de_lei_055_-_redenominacao_de_rua_do_california_park.pdf\" target=\"_blank\" title=\"\"><b><span>Projeto de Lei n\u00ba 05</span></b><b><span>5/2025</span></b></a> \u2013 Vereador Cid Jos\u00e9 Aparecido dos Santos \u2013 que \u201c<strong>Disp\u00f5e sobre a redenomina\u00e7\u00e3o de logradouro p\u00fablico do Residencial Calif\u00f3rnia Park e d\u00e1 outras provid\u00eancias</strong>.\u201d</p>\r\n<p style=\"text-align: justify; \"><b><span><a class=\"external-link\" href=\"https://sapl.adamantina.sp.leg.br/media/sapl/public/materialegislativa/2025/16875/16a_projeto_de_lei_058_m_060_-_apelos_e_patas_-_r_47.00000.pdf\" target=\"_blank\" title=\"\">Projeto de Lei n\u00ba 058/2025</a></span></b> \u2013 PM \u2013 que \u201cDisp\u00f5e sobre autoriza\u00e7\u00e3o para abertura de cr\u00e9dito adicional suplementar no or\u00e7amento do Munic\u00edpio de Adamantina e autoriza\u00e7\u00e3o para que Prefeitura do Munic\u00edpio possa repassar \u00e0 ORGANIZA\u00c7\u00c3O N\u00c3O GOVERNAMENTAL APELOS E PATAS DE ADAMANTINA \u2013 ONG/APA, sob a forma de subven\u00e7\u00e3o, recursos financeiros e d\u00e1 outras provid\u00eancias..\u201d</p>\r\n<p style=\"text-align: justify; \">\u00a0</p>\r\n<p style=\"text-align: justify; \"><b><span>EM PRIMEIRA DISCUSS\u00c3O</span></b><span>\u00a0</span></p>\r\n<p style=\"text-align: justify; \"><b><span><a class=\"external-link\" href=\"https://sapl.adamantina.sp.leg.br/media/sapl/public/materialegislativa/2025/16873/16a_projeto_de_lei_056_m_057_-_ppa.pdf\" target=\"_blank\" title=\"\">Projeto de Lei n\u00ba 056/2025</a></span></b> \u2013 PM \u2013 que \u201cDisp\u00f5e sobre o Plano Plurianual do Munic\u00edpio de Adamantina para o quadri\u00eanio de 2026 a 2029 e d\u00e1 outras provid\u00eancias.\u201d</p>\r\n<p style=\"text-align: justify; \"><a class=\"external-link\" href=\"https://sapl.adamantina.sp.leg.br/media/sapl/public/materialegislativa/2025/16874/16a_projeto_de_lei_057_m_058_-_ldo_2026.pdf\" target=\"_blank\" title=\"\"><b><span>Projeto de Lei n\u00ba 0</span></b><b><span>57/2025</span></b></a> \u2013 PM \u2013 que \" Disp\u00f5e sobre as Diretrizes Or\u00e7ament\u00e1rias para Elabora\u00e7\u00e3o e Execu\u00e7\u00e3o da Lei Or\u00e7ament\u00e1ria para o Exerc\u00edcio Financeiro de 2026 e d\u00e1 outras provid\u00eancias.\u201d</p>\r\n<p style=\"text-align: justify; \"><b><span><a class=\"external-link\" href=\"https://sapl.adamantina.sp.leg.br/media/sapl/public/materialegislativa/2025/16867/15a_projeto_de_lei_complementar_014_m_55_-_reestruturacao.pdf\" target=\"_blank\" title=\"\">Projeto de Lei Complementar n\u00ba 014/2025</a></span></b> \u2013 PM \u2013 que \u201c\u201cDisp\u00f5e sobre altera\u00e7\u00e3o da nomenclatura do cargo de Secret\u00e1rio de Fiscaliza\u00e7\u00e3o, Tributa\u00e7\u00e3o e Arrecada\u00e7\u00e3o Tribut\u00e1ria para Secret\u00e1rio de Fiscaliza\u00e7\u00e3o e Arrecada\u00e7\u00e3o Tribut\u00e1ria; extin\u00e7\u00e3o do cargo de Diretor de Urg\u00eancia e Emerg\u00eancia e Diretor de Odontologia; a cria\u00e7\u00e3o dos cargos em comiss\u00e3o de Diretor de Zeladoria e Revitaliza\u00e7\u00e3o Urbana; a altera\u00e7\u00e3o da nomenclatura e atribui\u00e7\u00f5es do cargo de Diretor Agr\u00edcola e Cadastro de Im\u00f3vel Rural INCRA para cargo de Diretor de Agricultura e Abastecimento; de Diretor de Planejamento e Tr\u00e2nsito para Diretor de Tr\u00e2nsito; de Diretor de Engenharia e Projetos Arquitet\u00f4nicos para Diretor de Planejamento e Projetos Arquitet\u00f4nicos; de Chefe do Museu Hist\u00f3rico para Chefe do Museu Hist\u00f3rico e Projetos Culturais; altera\u00e7\u00e3o das atribui\u00e7\u00f5es dos cargos em comiss\u00e3o de Diretor de Cultura e Turismo e do Chefe de Obras, Servi\u00e7os e Ilumina\u00e7\u00e3o P\u00fablica; a altera\u00e7\u00e3o da nomenclatura, dos requisitos e das atribui\u00e7\u00f5es do cargo em comiss\u00e3o de Diretor de Gabinete e Atos Oficiais para Diretor de Gabinete; a altera\u00e7\u00e3o dos requisitos do cargo em comiss\u00e3o de Diretor de Patrim\u00f4nio; a exclus\u00e3o da atividade de \u201corientar e supervisionar os trabalhos desenvolvidos pelos servidores do Procon\u201d, das atribui\u00e7\u00f5es do cargo em comiss\u00e3o de Diretor de Administra\u00e7\u00e3o e Recursos Humanos; altera\u00e7\u00e3o do tempo de experi\u00eancia para os cargos em comiss\u00e3o; a cria\u00e7\u00e3o de fun\u00e7\u00f5es gratificadas de Coordenador de Departamento de Frota da Sa\u00fade e Transporte de Pacientes, Coordenador de Departamento de Cadastro de Im\u00f3vel Rural\u00a0\u00a0 INCRA, Coordenador de Departamento Odontologia, Coordenador de Divis\u00e3o de Conv\u00eanios e Capta\u00e7\u00e3o de Recursos, Coordenador de Departamento de Tributa\u00e7\u00e3o, Coordenador de Departamento de Atos Oficiais, Coordenador de Divis\u00e3o de Servi\u00e7os Administrativos, e Coordenador de Departamento de Fundo Social; altera\u00e7\u00e3o da nomenclatura e das atribui\u00e7\u00f5es da fun\u00e7\u00e3o gratificada de Coordenador de Divis\u00e3o da Usina de Asfalto e F\u00e1brica de Tubos para Coordenador de Obras e Servi\u00e7os; altera\u00e7\u00e3o das atribui\u00e7\u00f5es de Coordenador de Divis\u00e3o de Servi\u00e7os Gerais e Controle de P\u00e1tio; altera\u00e7\u00e3o da vincula\u00e7\u00e3o da fun\u00e7\u00e3o gratificada de Coordenador de Cadastro da Secretaria de Finan\u00e7as para a Secretaria de Fiscaliza\u00e7\u00e3o e Arrecada\u00e7\u00e3o Tribut\u00e1ria e da fun\u00e7\u00e3o gratificada de Coordenador de Divis\u00e3o de Prote\u00e7\u00e3o e Defesa do Consumidor da Secretaria de Administra\u00e7\u00e3o para a Secretaria de Desenvolvimento Econ\u00f4mico; altera\u00e7\u00e3o do art. 5\u00ba da Lei Complementar n\u00ba 180, de 31 de outubro de 2011; altera\u00e7\u00e3o dos Anexos I, II, III e IV da Lei Complementar n.\u00ba 448, de 20 de mar\u00e7o e 2024, Lei Complementar n\u00ba 452, de 22 de maio de 2024, Lei Complementar n\u00ba 455, de 20 de fevereiro de 2025, Lei Complementar n\u00ba 458, de 10 de abril de 2025, Lei Complementar n\u00ba 462, de 05 de junho de 2025 e do Anexo I da Lei n\u00ba 3.859, de 12 de dezembro de 2018 e revoga\u00e7\u00e3o do art. 4\u00ba da Lei n\u00ba 3.923, de 07 de outubro de 2019.\u201d</p>\r\n<p style=\"text-align: justify; \"><b><span><a class=\"external-link\" href=\"https://sapl.adamantina.sp.leg.br/media/sapl/public/materialegislativa/2025/16876/16a_projeto_de_lei_complementar_015_m_059_-_nomeclatura_fai.pdf\" target=\"_blank\" title=\"\">Projeto de Lei Complementar n\u00ba 015/2025</a></span></b> \u2013 PM \u2013 que \u201cDisp\u00f5e sobre altera\u00e7\u00e3o da Lei Complementar n\u00ba 274, de 25 de maio de 2017, e d\u00e1 outras provid\u00eancias.\u201d</p>\r\n<p style=\"text-align: justify; \">\u00a0</p>\r\n<p style=\"text-align: justify; \"><b><span>EM SEGUNDA DISCUSS\u00c3O E REDA\u00c7\u00c3O FINAL</span></b></p>\r\n<p style=\"text-align: justify; \"><b><a class=\"external-link\" href=\"https://sapl.adamantina.sp.leg.br/media/sapl/public/materialegislativa/2025/16859/15a_projeto_de_lei_047_mary_e_outros.pdf\" target=\"_blank\" title=\"\">Projeto de Lei n\u00ba 047/2025</a></b><span> \u2013 Vereadores Mary Alves dos Santos, Marta de Almeida Bezerra, Maria Gabriela Costa Calil Bearare e Cid Jos\u00e9 Aparecido dos Santos \u2013 que \u201cDisp\u00f5e sobre a obrigatoriedade de divulga\u00e7\u00e3o dos nomes dos Secret\u00e1rios Municipais e Membros dos Conselhos Municipais no s\u00edtio eletr\u00f4nico oficial do Munic\u00edpio de Adamantina, Estado de S\u00e3o Paulo e d\u00e1 outras provid\u00eancias.\u201d</span></p>\r\n<p style=\"text-align: justify; \"><b><span><a class=\"external-link\" href=\"https://sapl.adamantina.sp.leg.br/media/sapl/public/materialegislativa/2025/16866/15a_projeto_de_lei_complementar_013_m_56_-_alienacao.pdf\" target=\"_blank\" title=\"\">Projeto de Lei Complementar n\u00ba 013/2025</a></span></b> \u2013 PM \u2013 que \u201cDisp\u00f5e sobre a autoriza\u00e7\u00e3o para o Poder Executivo alienar bem im\u00f3vel, pelo instituto da investidura, conforme especifica e d\u00e1 outras provid\u00eancias.\u201d</p>\r\n<p style=\"text-align: justify; \"><strong>As proposi\u00e7\u00f5es foram aprovadas.</strong></p>\r\n<p style=\"text-align: justify; \">Ainda, foram apresentados\u00a0<strong>8 Requerimentos</strong>,\u00a0<strong>19 Indica\u00e7\u00f5es</strong>, e\u00a0<strong>3 Mo\u00e7\u00f5es de Congratula\u00e7\u00f5es e Aplausos</strong>.</p>\r\n<p>A reuni\u00e3o contou com a presen\u00e7a de todos os vereadores.</p>\r\n<p>Assista na \u00edntegra a sess\u00e3o em nosso canal no\u00a0<a class=\"external-link\" href=\"https://www.youtube.com/watch?v=oSGzj3lb-UQ\" target=\"_blank\" title=\"\">YouTube</a>.</p>\r\n<p>A 18\u00aa Sess\u00e3o Ordin\u00e1ria ser\u00e1 realizada no dia 03 de novembro de 2025.</p>\r\n<p>Toda comunidade \u00e9 convidada a acompanhar as sess\u00f5es ao vivo pelo\u00a0<a class=\"external-link\" href=\"https://www.facebook.com/CamaraAdamantina\" target=\"_blank\" title=\"\">facebook</a>,\u00a0bem como pela\u00a0R\u00e1dio Cultura e nosso canal no\u00a0<a class=\"external-link\" href=\"https://youtube.com/@cmatransmissao\" target=\"_blank\" title=\"\">Youtube</a>.</p>", "author_name": "", "version": "1.0", "author_url": "https://www.adamantina.sp.leg.br/author/adm", "provider_name": "C\u00e2mara Municipal de Adamantina", "type": "rich"}