{"provider_url": "https://www.adamantina.sp.leg.br", "title": "Resumo 17\u00aa Sess\u00e3o Ordin\u00e1ria", "html": "<p style=\"text-align: justify; \">Ontem, 02, esta Casa de Leis realizou a 17\u00aa Sess\u00e3o Ordin\u00e1ria desta Legislatura.</p>\r\n<p style=\"text-align: justify; \">Foram apreciados e votados\u00a0<strong>35 Indica\u00e7\u00f5es</strong>,\u00a0<strong>21 Requerimentos</strong>, e\u00a0<strong>2 Mo\u00e7\u00f5es de Congratula\u00e7\u00f5es e Aplausos</strong>.</p>\r\n<p style=\"text-align: justify; \">Conforme Circular\u00a0n\u00ba 045/17, foram apreciados e votados os seguintes Projetos:\u00a0</p>\r\n<p style=\"text-align: center; \"><b><span>******** EM DISCUSS\u00c3O \u00daNICA ********</span></b></p>\r\n<p style=\"text-align: justify; \"><span><strong>*</strong>\u00a0</span><b>Projeto de Lei n\u00ba 048/17</b><span> \u2013 Vereador Eder do Nascimento Ruete \u2013 \u201cInstitui o Dia do Demolay no munic\u00edpio de Adamantina e d\u00e1 outras provid\u00eancias.\u201d</span></p>\r\n<p style=\"text-align: center; \">\u00a0********\u00a0<b>EM SEGUNDA DISCUSS\u00c3O E REDA\u00c7\u00c3O FINAL ********</b></p>\r\n<p style=\"text-align: justify; \"><b>* Projeto de Lei n\u00ba 042/17</b><span> \u2013 Vereadores Aguinaldo Pires Galv\u00e3o e Ac\u00e1cio Rocha Perez Guerrero \u2013 que \u201cDisp\u00f5e sobre a obrigatoriedade de instala\u00e7\u00e3o de portas girat\u00f3rias com detector de metais nas ag\u00eancias banc\u00e1rias do Munic\u00edpio de Adamantina e d\u00e1 outras provid\u00eancias.\u201d</span></p>\r\n<p style=\"text-align: justify; \"><b><span>* Projeto de Lei Complementar n\u00ba 038/17</span></b> \u2013 Vereadores Alcio Roberto Ikeda J\u00fanior e Ac\u00e1cio Rocha Perez Guerrero \u2013 que \u201cAutoriza o Poder Executivo a conceder isen\u00e7\u00e3o ou remiss\u00e3o do Imposto Predial e Territorial Urbano - IPTU, incidente sobre im\u00f3veis edificados atingidos por enchentes e alagamentos causados pelas chuvas no Munic\u00edpio de Adamantina e d\u00e1 outras provid\u00eancias.\u201d</p>\r\n<p style=\"text-align: justify; \"><b><span>* Projeto de Lei Complementar n\u00ba 039/17</span></b> \u2013 PM \u2013 que \u201cDisp\u00f5e sobre altera\u00e7\u00e3o do Anexo I da Lei Complementar n\u00ba 191, de 04 de abril de 2012 (cria\u00e7\u00e3o de cargo: Diretor de Escolas Municipais de Educa\u00e7\u00e3o Infantil).\u201d</p>\r\n<p style=\"text-align: center; \"><span>********\u00a0</span><b>EM PRIMEIRA DISCUSS\u00c3O ********</b></p>\r\n<p style=\"text-align: justify; \"><span>*\u00a0</span><b>Projeto de Lei n\u00ba 044/17</b><span> \u2013 PM \u2013 que \u201cDisp\u00f5e sobre a cria\u00e7\u00e3o do Quadro de Empregos P\u00fablicos para fins de execu\u00e7\u00e3o espec\u00edfica do programa Estrat\u00e9gia da Sa\u00fade da Fam\u00edlia e d\u00e1 outras provid\u00eancias.\u201d</span></p>\r\n<p style=\"text-align: justify; \"><b><span>* Projeto de Lei n\u00ba 045/17</span></b> \u2013 PM \u2013 que \u201cDisp\u00f5e sobre a cria\u00e7\u00e3o do Quadro de Empregos P\u00fablicos para fins de execu\u00e7\u00e3o espec\u00edfica do N\u00facleo de Apoio \u00e0 Sa\u00fade da Fam\u00edlia \u2013 NASF e d\u00e1 outra provid\u00eancias.\u201d</p>\r\n<p style=\"text-align: justify; \"><b><span>* Projeto de Lei Complementar n\u00ba 041/17</span></b> \u2013 PM \u2013 que \u201cDisp\u00f5e sobre altera\u00e7\u00e3o do Anexo I da Lei Complementar n\u00ba 283, de 12 de julho de 2017 (cria\u00e7\u00e3o de cargo: Diretor de Planejamento Or\u00e7ament\u00e1rio).\u201d</p>\r\n<p style=\"text-align: justify; \"><b><span>* Projeto de Lei Complementar n\u00ba 040/17</span></b> \u2013 PM \u2013 que \u201cDisp\u00f5e sobre autoriza\u00e7\u00e3o para o Chefe do Poder Executivo alienar, por doa\u00e7\u00e3o, \u00e0 empresa CONSTRUTORA ROTOLI LTDA. EPP o im\u00f3vel que especifica.\u201d</p>\r\n<p style=\"text-align: justify; \">TODOS OS PROJETOS FORAM APROVADOS POR UNANIMIDADE.</p>\r\n<p><span>A reuni\u00e3o contou com a presen\u00e7a de todos os vereadores, representantes da imprensa escrita e falada e outros membros de nossa comunidade.</span></p>\r\n<p><span>A pr\u00f3xima Sess\u00e3o Ordin\u00e1ria, 18\u00aa, ser\u00e1 realizada em 16 de outubro. Toda a comunidade \u00e9 convidada a acompanhar pessoalmente ou pelas R\u00e1dios\u00a0R\u00e1dio Joia, Life FM.\u00a0</span></p>", "author_name": "adt", "version": "1.0", "author_url": "https://www.adamantina.sp.leg.br/author/adt", "provider_name": "C\u00e2mara Municipal de Adamantina", "type": "rich"}