{"provider_url": "https://www.adamantina.sp.leg.br", "title": "Resumo 16\u00aa Sess\u00e3o Ordin\u00e1ria", "html": "<p style=\"text-align: justify; \">Ontem, 04, a C\u00e2mara Municipal de Adamantina realizou a 16\u00aa Sess\u00e3o Ordin\u00e1ria desta Legislatura.</p>\r\n<p style=\"text-align: justify; \">Foram apresentados\u00a0<strong>16 Requerimentos</strong>,\u00a0<strong>36 Indica\u00e7\u00f5es</strong> e\u00a0<strong>1 Mo\u00e7\u00e3o de Congratula\u00e7\u00f5es e Aplausos</strong>.</p>\r\n<p style=\"text-align: justify; \">Ainda, conforme <a class=\"external-link\" href=\"https://sapl.adamantina.sp.leg.br/media/sapl/public/materialegislativa/2021/13080/circular_040_-_16a_sessao_ordinaria.pdf\" target=\"_blank\" title=\"\">Circular n\u00ba 040/2021</a> foi apreciado,\u00a0<b>EM PRIMEIRA DISCUSS\u00c3O\u00a0</b>o\u00a0<b><a class=\"external-link\" href=\"https://sapl.adamantina.sp.leg.br/media/sapl/public/materialegislativa/2021/12995/pl_069_-_msg_071_-_itbi__rural_2021.pdf\" target=\"_blank\" title=\"\">Projeto de Lei n\u00ba 069/2021</a></b>, de autoria do Poder Executivo,\u00a0<span>que \u201cEstabelece o valor do alqueire para c\u00e1lculo do Imposto sobre transmiss\u00e3o de Bens Im\u00f3veis \u2013 \u201cInter Vivos\u201d \u2013 ITBI\u201d. O mesmo foi retirado para melhores estudos.</span></p>\r\n<p style=\"text-align: justify; \">\u00a0A reuni\u00e3o contou com a presen\u00e7a de todos os vereadores.</p>\r\n<p style=\"text-align: justify; \">Assista na \u00edntegra a sess\u00e3o que foi transmitida pelo nosso canal no\u00a0<a class=\"external-link\" href=\"https://www.youtube.com/watch?v=e5y3mkMZJtU\" target=\"_blank\" title=\"\">YouTube</a>.</p>\r\n<p style=\"text-align: justify; \">Toda comunidade \u00e9 convidada a acompanhar as sess\u00f5es ao vivo pelo\u00a0<a class=\"external-link\" href=\"https://www.facebook.com/CamaraAdamantina\" target=\"_blank\" title=\"\">facebook</a>,\u00a0<a class=\"external-link\" href=\"https://www.youtube.com/channel/UCzAAhbjCyaxL-tD4m-Zsd-g\" target=\"_blank\" title=\"\">Youtube</a>, bem como pela\u00a0R\u00e1dio Cultura, 99,3 FM, Radio Joia 93,7 FM e TV Cidade.<span style=\"text-align: justify; \">\u00a0 \u00a0 \u00a0 \u00a0 \u00a0 \u00a0 \u00a0 \u00a0 \u00a0 \u00a0 \u00a0 \u00a0 \u00a0 \u00a0 \u00a0 \u00a0 \u00a0 \u00a0 \u00a0 \u00a0 \u00a0 \u00a0 \u00a0 \u00a0 \u00a0 \u00a0 \u00a0 \u00a0 \u00a0 \u00a0 \u00a0 \u00a0 \u00a0 \u00a0 \u00a0 \u00a0 \u00a0 \u00a0 \u00a0 \u00a0 \u00a0 \u00a0 \u00a0 \u00a0 \u00a0\u00a0</span></p>", "author_name": "", "version": "1.0", "author_url": "https://www.adamantina.sp.leg.br/author/adm", "provider_name": "C\u00e2mara Municipal de Adamantina", "type": "rich"}