{"provider_url": "https://www.adamantina.sp.leg.br", "title": "Resumo 15\u00aa Sess\u00e3o Ordin\u00e1ria", "html": "<p style=\"text-align: justify; \">No dia 22 de setembro, esta Casa de Leis realizou a 15\u00aa Sess\u00e3o Ordin\u00e1ria desta Legislatura.</p>\r\n<p style=\"text-align: justify; \">Conforme <a class=\"external-link\" href=\"https://sapl.adamantina.sp.leg.br/media/sapl/public/materialegislativa/2025/16857/circular_034_-_15a_sessao_ordinaria.pdf\" target=\"_blank\" title=\"\">Circular n\u00ba 034/2025</a>, foram apreciados e votados os projetos como segue:</p>\r\n<p style=\"text-align: justify; \"><b><span>EM SEGUNDA DISCUSS\u00c3O E REDA\u00c7\u00c3O FINAL</span></b></p>\r\n<p style=\"text-align: justify; \"><b><a class=\"external-link\" href=\"https://sapl.adamantina.sp.leg.br/media/sapl/public/materialegislativa/2025/16769/13a_ordinaria_-_projeto_de_lei_043_-_dia_do_profis._de_fisioterapia.pdf\" target=\"_blank\" title=\"\">Projeto de Lei n\u00ba 043/2025</a></b><span> \u2013 Vereador Daniel Augusto da Silva Fabri - que \u201c</span><strong>Institui no Calend\u00e1rio Oficial do Munic\u00edpio de Adamantina o \u201cDia do Profissional de Fisioterapia e Terapia Ocupacional\u201d e a \u201cSemana Municipal do Profissional de Fisioterapia e Terapia Ocupacional\u201d e d\u00e1 outras provid\u00eancias</strong><span>.\u201d</span></p>\r\n<p style=\"text-align: justify; \">\u00a0</p>\r\n<p style=\"text-align: justify; \"><b><span>EM DISCUSS\u00c3O \u00daNICA</span></b></p>\r\n<p style=\"text-align: justify; \"><b><a class=\"external-link\" href=\"https://sapl.adamantina.sp.leg.br/media/sapl/public/materialegislativa/2025/16791/14a_ordinaria_-_projeto_de_resolucao_002_-_assinatura_digital.pdf\" target=\"_blank\" title=\"\">Projeto de Resolu\u00e7\u00e3o n\u00ba 002/2025</a></b><span> \u2013 Mesa da C\u00e2mara - Regulamenta a utiliza\u00e7\u00e3o de assinatura digital nos documentos produzidos no \u00e2mbito da C\u00e2mara Municipal de Adamantina.</span></p>\r\n<p style=\"text-align: justify; \"><span>Os projetos foram aprovados por unanimidade.</span></p>\r\n<p style=\"text-align: justify; \"><span>Ainda, foram apresentados\u00a0<strong>12 Requerimentos</strong>,\u00a0<strong>28 Indica\u00e7\u00f5es</strong>, e\u00a0<strong>5 Mo\u00e7\u00f5es de Congratula\u00e7\u00f5es e Aplausos</strong>.</span></p>\r\n<p>A reuni\u00e3o contou com a presen\u00e7a de todos os vereadores.</p>\r\n<p>Assista na \u00edntegra a sess\u00e3o em nosso canal no\u00a0<a class=\"external-link\" href=\"https://www.youtube.com/watch?v=QJnw8oEW2_4\" target=\"_blank\" title=\"\">YouTube</a>.</p>\r\n<p>A 16\u00aa Sess\u00e3o Ordin\u00e1ria ser\u00e1 realizada no dia 06 de outubro de 2025.</p>\r\n<p>Toda comunidade \u00e9 convidada a acompanhar as sess\u00f5es ao vivo pelo\u00a0<a class=\"external-link\" href=\"https://www.facebook.com/CamaraAdamantina\" target=\"_blank\" title=\"\">facebook</a>,\u00a0bem como pela\u00a0R\u00e1dio Cultura e nosso canal no\u00a0<a class=\"external-link\" href=\"https://youtube.com/@cmatransmissao\" target=\"_blank\" title=\"\">Youtube</a>.</p>\r\n<p style=\"text-align: justify; \"><span><br /></span></p>", "author_name": "", "version": "1.0", "author_url": "https://www.adamantina.sp.leg.br/author/adm", "provider_name": "C\u00e2mara Municipal de Adamantina", "type": "rich"}