{"provider_url": "https://www.adamantina.sp.leg.br", "title": "Resumo 15\u00aa Sess\u00e3o Extraordin\u00e1ria", "html": "<p style=\"text-align: justify; \"><span>No \u00faltimo dia 11, (sexta-feira), C\u00e2mara Municipal de Adamantina realizou a 15\u00aa Sess\u00e3o Extraordin\u00e1ria, conforme Circular n\u00ba 017/18\u00a0</span><span>objetivando a aprecia\u00e7\u00e3o das seguintes proposi\u00e7\u00f5es:</span><span>\u00a0</span></p>\r\n<p style=\"text-align: justify; \"><b><span>EM DISCUSS\u00c3O \u00daNICA</span></b></p>\r\n<p style=\"text-align: justify; \"><b>Projeto de </b><b>Decreto Legislativo n\u00ba 00</b><b>1/18</b><span> \u2013 Vereadores Eduardo Rodrigues Fiorillo e demais Vereadores \u2013 que \u201c Concede ao Ilustr\u00edssimo Sr. Eng. Vin\u00edcius Marchese Marinelli o t\u00edtulo de Cidad\u00e3o Adamantinense.\u201d</span></p>\r\n<p style=\"text-align: justify; \"><b>EM PRIMEIRA DISCUSS\u00c3O</b></p>\r\n<p style=\"text-align: justify; \"><b>Projeto de Lei Complementar n\u00ba 006/18</b><span> \u2013 PM \u2013 que \u201cDisp\u00f5e sobre altera\u00e7\u00e3o dos Anexos I, II, III, IV e V da Lei Complementar n\u00ba 283, de 12 de junho de 2017.\u201d</span></p>\r\n<p style=\"text-align: justify; \"><span><strong><em>AMBOS PROJETOS FORAM APROVADOS POR UNANIMIDADE CONFORME SUAS DISCUSS\u00c7\u00d5ES.</em></strong></span></p>\r\n<p style=\"text-align: justify; \">A reuni\u00e3o contou com a presen\u00e7a de todos os vereadores.</p>\r\n<p style=\"text-align: justify; \"><span><br /></span></p>", "author_name": "adt", "version": "1.0", "author_url": "https://www.adamantina.sp.leg.br/author/adt", "provider_name": "C\u00e2mara Municipal de Adamantina", "type": "rich"}