{"provider_url": "https://www.adamantina.sp.leg.br", "title": "Resumo 14\u00aa Sess\u00e3o Ordin\u00e1ria", "html": "<p style=\"text-align: justify; \"><span>No dia 1\u00ba de setembro de 2005, a C\u00e2mara Municipal de Adamantina realizou a 14\u00aa Sess\u00e3o Ordin\u00e1ria desta Legislatura.</span><br /><span><a class=\"external-link\" href=\"https://sapl.adamantina.sp.leg.br/media/sapl/public/sessaoplenaria/497/pauta/circular_031_-_14a_sessao_ordinaria.pdf\" target=\"_blank\" title=\"\">Conforme Circular n\u00ba 031/2025</a> foram apreciados e votados os projetos como segue:</span></p>\r\n<p style=\"text-align: justify; \"><span></span><br /><b>EM SEGUNDA DISCUSS\u00c3O E REDA\u00c7\u00c3O FINAL</b><br /><a class=\"external-link\" href=\"https://sapl.adamantina.sp.leg.br/media/sapl/public/materialegislativa/2025/16738/12a_ordinaria_-_projeto_de_lei_039_-_dia_da_pessoa_portadora_de_deficiencia_visual_mary.pdf\" target=\"_blank\" title=\"\"><b>Projeto de Lei n\u00ba 0</b><b>39</b><b>/2025</b></a><span> \u2013 Vereadora Mary Alves dos Santos - que \u201c Institui o \u201c</span><i>Dia da Pessoa Portadora de Defici\u00eancia Visual de Baixa Vis\u00e3o ou Cegueira Total</i><span>\u201d no \u00e2mbito do Munic\u00edpio de Adamantina e d\u00e1 outras provid\u00eancias.\u201d</span><br /><span>\u00a0</span><br /><b>EM DISCUSS\u00c3O \u00daNICA</b><br /><b><a class=\"external-link\" href=\"https://sapl.adamantina.sp.leg.br/media/sapl/public/materialegislativa/2025/16770/13a_projeto_de_lei_044_-_m_046.pdf\" target=\"_blank\" title=\"\">Projeto de Lei n\u00ba 044/2025</a></b><span> \u2013 PM \u2013 que \u201cDisp\u00f5e sobre autoriza\u00e7\u00e3o para que o Chefe do Poder Executivo possa determinar a abertura do Processo Licitat\u00f3rio, objetivando a Concess\u00e3o de Direito Real de Uso de Bem P\u00fablico Municipal \u00e0s Empresas nos ramos da Ind\u00fastria, Com\u00e9rcio e/ou Servi\u00e7os e d\u00e1 outras provid\u00eancias.\u201d</span><br /><span>\u00a0</span><br /><b>EM PRIMEIRA DISCUSS\u00c3O</b><br /><a class=\"external-link\" href=\"https://sapl.adamantina.sp.leg.br/media/sapl/public/materialegislativa/2025/16769/13a_ordinaria_-_projeto_de_lei_043_-_dia_do_profis._de_fisioterapia.pdf\" target=\"_blank\" title=\"\"><b>Projeto de Lei n\u00ba 0</b><b>43</b><b>/2025</b></a><span> \u2013 Vereador Daniel Augusto da Silva Fabri - que \u201c</span>Institui no Calend\u00e1rio Oficial do Munic\u00edpio de Adamantina o \u201cDia do Profissional de Fisioterapia e Terapia Ocupacional\u201d e a \u201cSemana Municipal do Profissional de Fisioterapia e Terapia Ocupacional\u201d e d\u00e1 outras provid\u00eancias<span>.\u201d</span></p>\r\n<p style=\"text-align: justify; \"><span>Todos os projetos foram aprovados.</span></p>\r\n<p style=\"text-align: justify; \"><span>Ainda, foram apresentados\u00a0<strong>10 Requerimentos</strong>,\u00a0<strong>20 Indica\u00e7\u00f5es</strong> e\u00a0<strong>1 Mo\u00e7\u00e3o de Congratula\u00e7\u00f5es e Aplausos</strong>.\u00a0</span></p>\r\n<p>A reuni\u00e3o contou com a presen\u00e7a de todos os vereadores.</p>\r\n<p>Assista na \u00edntegra a sess\u00e3o em nosso canal no <a class=\"external-link\" href=\"https://www.youtube.com/watch?v=mRajXcRmkpY\" target=\"_blank\" title=\"\">YouTube</a>.</p>\r\n<p>A 15\u00aa Sess\u00e3o Ordin\u00e1ria ser\u00e1 realizada no dia 22de setembro de 2025.</p>\r\n<p>Toda comunidade \u00e9 convidada a acompanhar as sess\u00f5es ao vivo pelo\u00a0<a class=\"external-link\" href=\"https://www.facebook.com/CamaraAdamantina\" target=\"_blank\" title=\"\">facebook</a>,\u00a0bem como pela\u00a0R\u00e1dio Cultura e nosso canal no\u00a0<a class=\"external-link\" href=\"https://youtube.com/@cmatransmissao\" target=\"_blank\" title=\"\">Youtube</a>.</p>", "author_name": "", "version": "1.0", "author_url": "https://www.adamantina.sp.leg.br/author/adm", "provider_name": "C\u00e2mara Municipal de Adamantina", "type": "rich"}