{"provider_url": "https://www.adamantina.sp.leg.br", "title": "Resumo 13\u00aa Sess\u00e3o Ordin\u00e1ria", "html": "<p style=\"text-align: justify; \">Ontem, a C\u00e2mara Municipal de Adamantina realizou a 13\u00aa Sess\u00e3o Ordin\u00e1ria desta Legislatura.</p>\r\n<p style=\"text-align: justify; \">Conforme <a class=\"external-link\" href=\"https://sapl.adamantina.sp.leg.br/media/sapl/public/materialegislativa/2025/16766/circular_029_-_13a_sessao_ordinaria.pdf\" target=\"_blank\" title=\"\">Circular n\u00ba 029/2025</a>, foram apreciados e votados os projetos como segue:</p>\r\n<p style=\"text-align: justify; \"><b><span>EM DISCUSS\u00c3O \u00daNICA</span></b></p>\r\n<p style=\"text-align: justify; \"><b><a class=\"external-link\" href=\"https://sapl.adamantina.sp.leg.br/media/sapl/public/materialegislativa/2025/16739/12a_projeto_de_lei_040_-_m_044.pdf\" target=\"_blank\" title=\"\">Projeto de Lei n\u00ba 040/2025</a></b><span> \u2013 PM \u2013 que \u201cDisp\u00f5e sobre autoriza\u00e7\u00e3o para que o chefe do Poder Executivo possa determinar a abertura de Processo Licitat\u00f3rio objetivando a Concess\u00e3o de Direito Real de Uso de Bem P\u00fablico Municipal \u00e0s Empresas nos ramos da Ind\u00fastria e/ou Com\u00e9rcio, e d\u00e1 outras provid\u00eancias.\u201d </span><strong>(RETIRADO PARA MELHORES ESTUDOS)</strong></p>\r\n<p style=\"text-align: justify; \">\u00a0</p>\r\n<p style=\"text-align: justify; \"><a class=\"external-link\" href=\"https://sapl.adamantina.sp.leg.br/media/sapl/public/materialegislativa/2025/16740/12a_projeto_de_lei_041_-_m_045.pdf\" target=\"_blank\" title=\"\"><b><span>Projeto de Lei n\u00ba 0</span></b><b><span>41</span></b><b><span>/2025</span></b></a> \u2013 PM - que \u201c Disp\u00f5e sobre autoriza\u00e7\u00e3o para abertura de cr\u00e9dito adicional suplementar ao Or\u00e7amento da Prefeitura do Munic\u00edpio de Adamantina no valor total de R$ 1.551.600,00 e d\u00e1 outras provid\u00eancias.\u201d\u00a0<strong>(APROVADO POR UNANIMIDADE)</strong></p>\r\n<p style=\"text-align: justify; \">\u00a0</p>\r\n<p style=\"text-align: justify; \"><b><span>EM PRIMEIRA DISCUSS\u00c3O</span></b></p>\r\n<p style=\"text-align: justify; \"><a class=\"external-link\" href=\"https://sapl.adamantina.sp.leg.br/media/sapl/public/materialegislativa/2025/16738/12a_ordinaria_-_projeto_de_lei_039_-_dia_da_pessoa_portadora_de_deficiencia_visual_mary.pdf\" target=\"_blank\" title=\"\"><b>Projeto de Lei n\u00ba 03</b><b>9</b><b>/2025</b></a><span> \u2013 Vereadora Mary Alves dos Santos - que \u201c Institui o \u201c</span><i>Dia da Pessoa Portadora de Defici\u00eancia Visual de Baixa Vis\u00e3o ou Cegueira Total</i><span>\u201d no \u00e2mbito do Munic\u00edpio de Adamantina e d\u00e1 outras provid\u00eancias.\u201d\u00a0<strong>(APROVADO POR UNANIMIDADE)</strong></span></p>\r\n<p style=\"text-align: justify; \">Ainda, foram apresentados <b>11 Requerimentos</b>,\u00a0<strong>18 Indica\u00e7\u00f5es</strong> e\u00a0<strong>3 Mo\u00e7\u00f5es de Congratula\u00e7\u00f5es e Aplausos</strong>.</p>\r\n<p style=\"text-align: justify; \"><span>A reuni\u00e3o contou com a presen\u00e7a de todos os vereadores.</span></p>\r\n<p>Assista na \u00edntegra a sess\u00e3o em nossa p\u00e1gina no <a class=\"external-link\" href=\"https://www.facebook.com/CamaraAdamantina/videos/1471446210960422\" target=\"_blank\" title=\"\">Facebook</a></p>\r\n<p>A 14\u00aa Sess\u00e3o Ordin\u00e1ria ser\u00e1 realizada no dia 1\u00ba de setembro de 2025.</p>\r\n<p>Toda comunidade \u00e9 convidada a acompanhar as sess\u00f5es ao vivo pelo\u00a0<a class=\"external-link\" href=\"https://www.facebook.com/CamaraAdamantina\" target=\"_blank\" title=\"\">facebook</a>,\u00a0bem como pela\u00a0R\u00e1dio Cultura e nosso canal no\u00a0<a class=\"external-link\" href=\"https://youtube.com/@cmatransmissao\" target=\"_blank\" title=\"\">Youtube</a>.</p>", "author_name": "", "version": "1.0", "author_url": "https://www.adamantina.sp.leg.br/author/adm", "provider_name": "C\u00e2mara Municipal de Adamantina", "type": "rich"}