{"provider_url": "https://www.adamantina.sp.leg.br", "title": "Resumo 13\u00aa Sess\u00e3o Ordin\u00e1ria", "html": "<p style=\"text-align: justify; \">No \u00faltimo dia 16, esta Casa de Leis realizou a 13\u00aa Sess\u00e3o Ordin\u00e1ria desta Legislatura.</p>\r\n<p style=\"text-align: justify; \">Conforme <a class=\"external-link\" href=\"https://sapl.adamantina.sp.leg.br/media/sapl/public/materialegislativa/2021/12886/circular_033_-_13a_sessao_ordinaria.pdf\" target=\"_blank\" title=\"\">Circular n\u00ba 033/21</a>\u00a0foram apresentados os seguintes projetos:\u00a0</p>\r\n<p style=\"text-align: justify; \"><b><span>EM DISCUSS\u00c3O \u00daNICA</span></b><span>\u00a0</span></p>\r\n<p style=\"text-align: justify; \"><b><span><a class=\"external-link\" href=\"https://sapl.adamantina.sp.leg.br/media/sapl/public/materialegislativa/2021/12737/pl_052_-_helio_e_noriko_11a_ordinaria.pdf\" target=\"_blank\" title=\"\">Projeto de Lei n\u00ba 052/2021</a></span></b> \u2013 Vereadores H\u00e9lio Jos\u00e9 dos Santos e Noriko Onishi Saito \u2013 que \u201cDisp\u00f5e sobre a denomina\u00e7\u00e3o do Sistema de Lazer Kobori Kazuo e d\u00e1 outras provid\u00eancias\".</p>\r\n<p style=\"text-align: justify; \"><b><span><a class=\"external-link\" href=\"https://sapl.adamantina.sp.leg.br/media/sapl/public/materialegislativa/2021/12842/pl_055_-_m_056_-_lar_dos_velhos_de_adamantina_25.00000.pdf\" target=\"_blank\" title=\"\">Projeto de Lei n\u00ba 055/2021</a></span></b> \u2013 PM \u2013 que \u201cDisp\u00f5e sobre autoriza\u00e7\u00e3o para a Prefeitura do Munic\u00edpio de Adamantina realizar a abertura de cr\u00e9dito adicional especial e repassar ao LAR DOS VELHOS - OBRA UNIDA DA SOCIEDADE S\u00c3O VICENTE DE PAULO, sob a forma de transfer\u00eancia, recursos financeiros e d\u00e1 outras provid\u00eancias no vaor de R$ 25.000,00\u201d.</p>\r\n<p style=\"text-align: justify; \"><b><span><a class=\"external-link\" href=\"https://sapl.adamantina.sp.leg.br/media/sapl/public/materialegislativa/2021/12843/pl_056_-_m_057_-_500.00000_-_educacao.pdf\" target=\"_blank\" title=\"\">Projeto de Lei n\u00ba 056/2021</a></span></b> \u2013 PM \u2013 que \u201cDisp\u00f5e sobre autoriza\u00e7\u00e3o para abertura de cr\u00e9dito adicional suplementar<i> </i>ao Or\u00e7amento da Prefeitura do Munic\u00edpio de Adamantina no valor total de R$ 500.000,00 destinados \u00e0 Secretaria Municipal de Educa\u00e7\u00e3o e d\u00e1 outras provid\u00eancias\u201d.</p>\r\n<p style=\"text-align: justify; \"><b><span><a class=\"external-link\" href=\"https://sapl.adamantina.sp.leg.br/media/sapl/public/materialegislativa/2021/12845/pl_058_-_m_060_-_desenvolve_sp_-_2_000_00000_-_triturador_rcc.pdf\" target=\"_blank\" title=\"\">Projeto de Lei n\u00ba 058/2021</a></span></b> \u2013 PM \u2013 que \u201cAutoriza o munic\u00edpio de Adamantina a contratar com a Desenvolve SP - Ag\u00eancia de Fomento do Estado de S\u00e3o Paulo, opera\u00e7\u00f5es de cr\u00e9dito com outorga de garantia e d\u00e1 outras provid\u00eancias (Triturador RCC)\u201d.</p>\r\n<p style=\"text-align: justify; \"><b><span><a class=\"external-link\" href=\"https://sapl.adamantina.sp.leg.br/media/sapl/public/materialegislativa/2021/12846/pl_059_-_m_061_-_desenvolve_sp_-_8_000_00000_-_usina_fotovoltaica.pdf\" target=\"_blank\" title=\"\">Projeto de Lei n\u00ba 059/2021</a></span></b> \u2013 PM \u2013 que \u201cAutoriza o munic\u00edpio de Adamantina a contratar com a Desenvolve SP - Ag\u00eancia de Fomento do Estado de S\u00e3o Paulo, opera\u00e7\u00f5es de cr\u00e9dito com outorga de garantia e d\u00e1 outras provid\u00eancias (Usina Fotovoltaica)\u201d.</p>\r\n<p style=\"text-align: justify; \"><b><a class=\"external-link\" href=\"http://https//sapl.adamantina.sp.leg.br/media/sapl/public/materialegislativa/2021/12847/pl_060_-_desenvolve_sp_-_5_000_00000_-_distrito_industrial.pdf\" target=\"_blank\" title=\"\">Projeto de Lei n\u00ba 060/2021</a></b><span> \u2013 PM \u2013 que \u201cAutoriza o munic\u00edpio de Adamantina a contratar com a Desenvolve SP - Ag\u00eancia de Fomento do Estado de S\u00e3o Paulo, opera\u00e7\u00f5es de cr\u00e9dito com outorga de garantia e d\u00e1 outras provid\u00eancias (Distrito Industrial)\u201d.</span></p>\r\n<p style=\"text-align: justify; \"><b><span><a class=\"external-link\" href=\"https://sapl.adamantina.sp.leg.br/media/sapl/public/materialegislativa/2021/12848/pl_061_-_m_063_-_ratifica_protocolo_de_intencoes_cim-amnap.pdf\" target=\"_blank\" title=\"\">Projeto de Lei n\u00ba 061/2021</a></span></b> \u2013 PM \u2013 que \u201cRatifica o Protocolo de Inten\u00e7\u00f5es firmado entre os Munic\u00edpios da AMNAP para a cria\u00e7\u00e3o do Cons\u00f3rcio Intermunicipal Multifinalit\u00e1rio dos Munic\u00edpios da AMNAP (CIM-AMNAP) e d\u00e1 outras provid\u00eancias\u201d.</p>\r\n<p style=\"text-align: justify; \"><b><span><a class=\"external-link\" href=\"https://sapl.adamantina.sp.leg.br/media/sapl/public/materialegislativa/2021/12849/pl_062_-_m_064_-_abertura_de_credito_r_205.00000_medicos_saude.pdf\" target=\"_blank\" title=\"\">Projeto de Lei n\u00ba 062/2021</a></span></b> \u2013 PM \u2013 que \u201cDisp\u00f5e sobre autoriza\u00e7\u00e3o para <i>abertura de cr\u00e9dito adicional especial </i>ao Or\u00e7amento da Prefeitura do Munic\u00edpio de Adamantina no valor total de R$ 205.000,00 e d\u00e1 outras provid\u00eancias, para contrata\u00e7\u00e3o de m\u00e9dicos para as ESFs \u2013 Estrat\u00e9gia de Sa\u00fade da Fam\u00edlia.\u201d</p>\r\n<p style=\"text-align: justify; \"><b><span><a class=\"external-link\" href=\"https://sapl.adamantina.sp.leg.br/media/sapl/public/materialegislativa/2021/12850/plc_009_-_m_055_-__aalteracao_da_lei_no_3021_-_concreto_mcc.pdf\" target=\"_blank\" title=\"\">Projeto de Lei Complementar n\u00ba 009/2021</a></span></b> \u2013 PM \u2013 que \u201cDisp\u00f5e sobre altera\u00e7\u00e3o da Lei n\u00ba 3.021, de 11 de julho de 2002.\u201d</p>\r\n<p style=\"text-align: justify; \"><b><span><a class=\"external-link\" href=\"https://sapl.adamantina.sp.leg.br/media/sapl/public/materialegislativa/2021/12851/plc_010_-_m_058_-__reajuste_salarial_medicos.pdf\" target=\"_blank\" title=\"\">Projeto de Lei Complementar n\u00ba 010/2021</a></span></b> \u2013 PM \u2013 que \u201cDisp\u00f5e sobre a reajuste dos vencimentos dos empregos de m\u00e9dico cl\u00ednico geral vinculados \u00e0s Estrat\u00e9gias de Sa\u00fade da Fam\u00edlia - ESF.\u201d</p>\r\n<p style=\"text-align: justify; \">Todos os projetos foram aprovados.</p>\r\n<p style=\"text-align: justify; \">Ainda, foram apreciados e votados\u00a0<strong>23 Requerimentos</strong> e<strong> 46 Indica\u00e7\u00f5es</strong>.</p>\r\n<p>A Sess\u00e3o contou com a presen\u00e7a de todos os Vereadores.</p>\r\n<p><span>Assista na \u00edntegra a sess\u00e3o que foi transmitida pela nossa\u00a0</span><a class=\"external-link\" href=\"https://www.facebook.com/CamaraAdamantina/videos/4196357950480807\" target=\"_blank\" title=\"\">fanpage</a><span>.</span></p>\r\n<p><span>Toda comunidade \u00e9 convidada a acompanhar ao vivo pelo\u00a0</span><a class=\"external-link\" href=\"https://www.facebook.com/CamaraAdamantina\" target=\"_blank\" title=\"\">facebook</a><span>, bem como pela\u00a0R\u00e1dio Cultura, 99,3 FM, Radio Joia 93,7 FM e TV Cidade.</span></p>", "author_name": "", "version": "1.0", "author_url": "https://www.adamantina.sp.leg.br/author/adm", "provider_name": "C\u00e2mara Municipal de Adamantina", "type": "rich"}