{"provider_url": "https://www.adamantina.sp.leg.br", "title": "Resumo 12\u00aa Sess\u00e3o Ordin\u00e1ria", "html": "<p style=\"text-align: justify; \">Na \u00faltima segunda-feira, 04, a C\u00e2mara Municipal de Adamantina realizou a 12\u00aa Sess\u00e3o Ordin\u00e1ria desta Legislatura.</p>\r\n<p style=\"text-align: justify; \">Conforme <a class=\"external-link\" href=\"https://sapl.adamantina.sp.leg.br/media/sapl/public/materialegislativa/2025/16736/circular_12a_ordinaria_0001.pdf\" target=\"_blank\" title=\"\">Circular n\u00ba 027/2025</a> foram apreciados e votados, EM DISCUSS\u00c3O \u00daNICA, os projetos como segue:</p>\r\n<p style=\"text-align: justify; \"><b><span><a class=\"external-link\" href=\"https://sapl.adamantina.sp.leg.br/media/sapl/public/materialegislativa/2025/16699/11a_ordinaria_-_projeto_de_lei_034_m_039_-_denominacao_horto_municipal_primavera.pdf\" target=\"_blank\" title=\"\">Projeto de Lei n\u00ba 034/2025</a></span></b> \u2013 PM \u2013 que \u201cDenomina \u201cHorto Florestal Primavera\u201d o horto localizado no Bairro Parque dos Lagos, no Munic\u00edpio de Adamantina.\u201d</p>\r\n<p style=\"text-align: justify; \"><a class=\"external-link\" href=\"https://sapl.adamantina.sp.leg.br/media/sapl/public/materialegislativa/2025/16701/11a_ordinaria_-_projeto_de_lei_035_m_040_-_denominacao_ponte_manoel_teixeira_fortes.pdf\" target=\"_blank\" title=\"\"><b><span>Projeto de Lei n\u00ba 0</span></b><b><span>35</span></b><b><span>/2025</span></b></a> \u2013 PM - que \u201cDenomina \u201cPONTE MANOEL TEIXEIRA FORTES\u201d a ponte sobre o C\u00f3rrego dos Ranchos.\u201d</p>\r\n<p style=\"text-align: justify; \"><a class=\"external-link\" href=\"https://sapl.adamantina.sp.leg.br/media/sapl/public/materialegislativa/2025/16704/11a_ordinaria_-_projeto_de_lei_038_m_043_-_atividade_delegada.pdf\" target=\"_blank\" title=\"\"><b><span>Projeto de Lei n\u00ba 03</span></b><b><span>8</span></b><b><span>/2025</span></b></a> \u2013 PM - que \u201cDisp\u00f5e sobre a altera\u00e7\u00e3o na Lei n\u00ba 4.030, de 04 de mar\u00e7o de 2021, que disp\u00f5e sobre a altera\u00e7\u00e3o da Lei n\u00ba 3.530/12 que cria a Gratifica\u00e7\u00e3o por Desempenho de Atividade Delegada.\u201d</p>\r\n<p style=\"text-align: justify; \">Todos os projetos foram aprovados por unanimidade</p>\r\n<p style=\"text-align: justify; \">Ainda foram apresentados\u00a0<strong>11 Requerimentos</strong>,\u00a0<strong>25 Indica\u00e7\u00f5es</strong> e\u00a0<strong>4 Mo\u00e7\u00f5es de Congratula\u00e7\u00f5es a Aplausos</strong></p>\r\n<p>A reuni\u00e3o contou com a presenta de todos os vereadores.</p>\r\n<p>Assista na \u00edntegra a sess\u00e3o em nosso Canal no\u00a0<a class=\"external-link\" href=\"https://www.youtube.com/watch?v=IWkWlX20m7M\" target=\"_blank\" title=\"\">YouTube</a>.</p>\r\n<p>A 13\u00aa Sess\u00e3o Ordin\u00e1ria ser\u00e1 realizada no dia 18 de Agosto\u00a0de 2025.</p>\r\n<p><span>Toda comunidade \u00e9 convidada a acompanhar as sess\u00f5es ao vivo pelo\u00a0</span><a class=\"external-link\" href=\"https://www.facebook.com/CamaraAdamantina\" target=\"_blank\" title=\"\">facebook</a><span>,\u00a0bem como pela\u00a0R\u00e1dio Cultura e nosso canal no\u00a0</span><a class=\"external-link\" href=\"https://youtube.com/@cmatransmissao\" target=\"_blank\" title=\"\">Youtube</a><span>.</span></p>", "author_name": "", "version": "1.0", "author_url": "https://www.adamantina.sp.leg.br/author/adm", "provider_name": "C\u00e2mara Municipal de Adamantina", "type": "rich"}