{"provider_url": "https://www.adamantina.sp.leg.br", "title": "Resumo 12\u00aa Sess\u00e3o Ordin\u00e1ria", "html": "<div class=\"kvgmc6g5 cxmmr5t8 oygrvhab hcukyx3x c1et5uql ii04i59q\">\r\n<div dir=\"auto\" style=\"text-align: justify; \"><span>No dia 02 de agosto, Conforme Circular n\u00ba 032, a\u00a0 C\u00e2mara Municipal de Adamantina realizou a 11\u00aa Sess\u00e3o Ordin\u00e1ria.</span>\u00a0</div>\r\n<div dir=\"auto\" style=\"text-align: justify; \"></div>\r\n<div dir=\"auto\" style=\"text-align: justify; \">A sess\u00e3o foi transmitida ao vivo na fanpage da C\u00e2mara Municipal e voc\u00ea pode assistir a qualquer tempo: <span><a class=\"oajrlxb2 g5ia77u1 qu0x051f esr5mh6w e9989ue4 r7d6kgcz rq0escxv nhd2j8a9 nc684nl6 p7hjln8o kvgmc6g5 cxmmr5t8 oygrvhab hcukyx3x jb3vyjys rz4wbd8a qt6c0cv9 a8nywdso i1ao9s8h esuyzwwr f1sip0of lzcic4wl py34i1dx gpro0wi8\" href=\"https://l.facebook.com/l.php?u=https%3A%2F%2Fbit.ly%2F3rXc9s5%3Ffbclid%3DIwAR0thTOOw1o33kZ_48QyF9dhbjMBFt9P2bYqxudPxVGKEYSr0yiL5ci_o1I&amp;h=AT0sd-82_90HlrJOwbfjpfjZyj50ldgvzsXn2WAnMD-MHC3XDnfwjlxG339IOqFFvT3THkKalE0wA4R7E-EEk3eiIg3PM1nZjIn8Y4pq8y_AtrB6CZOYZSn_l_EmkIar1Uc5o_3Kl7yLnjaKpSHb&amp;__tn__=-UK-R&amp;c[0]=AT2XhyZFAVApN4xe1tkRT_lIhfgyC-YU_5rCKNFP7dnyo2qM9oukYsnkfSFpRxbUVkipLpOaTWblu3qjhOkq184KVrb8x4NAR_bQg7XGqVoOIwRjnAuQLgmdUK63U8wB59a6XwAO3xU46TLpM2FklolgGqdyxon9zJu0rMZNDhmZtMM0ArfgSMQPm5kIq0m2TlhXzo8\" rel=\"nofollow noopener\" tabindex=\"0\" target=\"_blank\">bit.ly/3rXc9s5</a></span></div>\r\n<div dir=\"auto\" style=\"text-align: justify; \"><span><br /></span></div>\r\n</div>\r\n<div class=\"o9v6fnle cxmmr5t8 oygrvhab hcukyx3x c1et5uql ii04i59q\" style=\"text-align: justify; \">\r\n<div dir=\"auto\">Nada constou na Ordem do dia.</div>\r\n<div dir=\"auto\"></div>\r\n<div dir=\"auto\">Foram apreciados 12 Requerimentos,\u00a0<span>02 Mo\u00e7\u00f5es de Congratula\u00e7\u00f5es e Aplausos e 49 Indica\u00e7\u00f5es.</span></div>\r\n<div dir=\"auto\"><span><br /></span></div>\r\n</div>\r\n<div class=\"o9v6fnle cxmmr5t8 oygrvhab hcukyx3x c1et5uql ii04i59q\" style=\"text-align: justify; \">\r\n<div dir=\"auto\">A Sess\u00e3o contou com a presen\u00e7a de todos os Vereadores.</div>\r\n<div dir=\"auto\"></div>\r\n</div>\r\n<div class=\"o9v6fnle cxmmr5t8 oygrvhab hcukyx3x c1et5uql ii04i59q\" style=\"text-align: justify; \">\r\n<div dir=\"auto\">\r\n<p>A pr\u00f3xima sess\u00e3o ser\u00e1 realizada no dia 16 de agosto.</p>\r\n<p><span>Toda comunidade \u00e9 convidada a acompanhar ao vivo pelo\u00a0</span><a class=\"external-link\" href=\"https://www.facebook.com/CamaraAdamantina\" target=\"_blank\" title=\"\">facebook</a><span>, bem como pela\u00a0R\u00e1dio Cultura, 99,3 FM, Radio Joia 93,7 FM e TV Cidade.</span></p>\r\n</div>\r\n</div>\r\n<div class=\"o9v6fnle cxmmr5t8 oygrvhab hcukyx3x c1et5uql ii04i59q\"></div>", "author_name": "", "version": "1.0", "author_url": "https://www.adamantina.sp.leg.br/author/adm", "provider_name": "C\u00e2mara Municipal de Adamantina", "type": "rich"}