{"provider_url": "https://www.adamantina.sp.leg.br", "title": "Resumo 12\u00aa Sess\u00e3o Ordin\u00e1ria", "html": "<p style=\"text-align: justify; \"><span>No dia 10 de julho a C\u00e2mara Municipal de Adamantina realizou a 12\u00aa Sess\u00e3o Ordin\u00e1ria. Foram apresentados os seguintes Projetos de Lei na Ordem do Dia:</span></p>\r\n<p style=\"text-align: center; \"><b><span>---------- EM DISCUSS\u00c3O \u00daNICA ----------</span></b></p>\r\n<p style=\"text-align: justify; \"><b>* Projeto de Lei n\u00ba 028/17</b><span> \u2013 PM \u2013 que \u201cDisp\u00f5e sobre abertura de rua, de \u00e1rea de terras que especifica e d\u00e1 outras provid\u00eancias.\u201d</span></p>\r\n<p style=\"text-align: justify; \"><b><span>* Projeto de Lei n\u00ba 029/17</span></b> \u2013 PM \u2013 que \u201cDisp\u00f5e sobre a altera\u00e7\u00e3o do artigo 4\u00ba da Lei n\u00ba 3.125, de 08 de abril de 2005.\u201d (bolsa dos estagi\u00e1rios)</p>\r\n<p style=\"text-align: justify; \"><b><span>* Projeto de Lei n\u00ba 030/17</span></b> \u2013 PM \u2013 que \u201cAutoriza o Poder Executivo a dispor de recursos p\u00fablicos e d\u00e1 outras provid\u00eancias no valor de R$ 42.082,44, para reforma e adequa\u00e7\u00f5es da Escola Fleurides Cavallini Menechino, para atender o Projeto da Rede do Saber.</p>\r\n<p style=\"text-align: center; \"><b>---------- EM PRIMEIRA DISCUSS\u00c3O ----------</b></p>\r\n<p style=\"text-align: justify; \">*\u00a0<b>Projeto de Lei n\u00ba 031/17</b><span> \u2013 PM \u2013 que \u201cAutoriza o Centro Universit\u00e1rio de Adamantina \u2013 UNIFAI a celebrar parceria, em regime de m\u00fatua coopera\u00e7\u00e3o, para a consecu\u00e7\u00e3o de finalidade de interesse p\u00fablico e rec\u00edproco a ser realizado nos termos da Lei Federal n\u00ba 13.019, de 31 de julho de 2014 e suas altera\u00e7\u00f5es.\u201d</span></p>\r\n<p style=\"text-align: justify; \"><b><span>* Projeto de Lei Complementar n\u00ba 026/17</span></b> \u2013 PM \u2013 que \u201cDisp\u00f5e sobre altera\u00e7\u00e3o dos Anexos II, III, IV, V e VI da Lei n\u00ba 2.289, de 30 de julho de 1990, alterada pelas Leis Complementares n\u00bas 180, de 1\u00ba de novembro de 2011; 187, de 08 de mar\u00e7o de 2012; 192, de 04 de abril de 2012; 222, de 23 de outubro de 2013 e 224, de 23 de dezembro de 2012.\u201d (reestrutura\u00e7\u00e3o dos cargos comissionados)</p>\r\n<p style=\"text-align: justify; \"><b><span>* Projeto de Lei Complementar n\u00ba 027/17</span></b> \u2013 PM \u2013 que \u201cDisp\u00f5e sobre a institui\u00e7\u00e3o e organiza\u00e7\u00e3o da Procuradoria Geral do Munic\u00edpio de Adamantina e d\u00e1 outras provid\u00eancias.\u201d Referido projeto recebeu <b><span>Emenda Modificativa n\u00ba 003/17</span></b>, de autoria do Vereador Alcio Roberto Ikeda e todos os demais Vereadores.</p>\r\n<p style=\"text-align: justify; \"><b><span>* Projeto de Lei Complementar n\u00ba 028/17</span></b> \u2013 PM \u2013 que \u201cDisp\u00f5e sobre a extin\u00e7\u00e3o da Empresa Municipal de Desenvolvimento de Adamantina \u2013 EMDA e d\u00e1 outras provid\u00eancias.\u201d</p>\r\n<p style=\"text-align: center; \"><b>---------- EM SEGUNDA DISCUSS\u00c3O E REDA\u00c7\u00c3O FINAL ----------</b></p>\r\n<p style=\"text-align: justify; \"><b>* Projeto de Lei n\u00ba 027/17</b><span> \u2013 PM \u2013 que \u201cDisp\u00f5e sobre a Cria\u00e7\u00e3o do Conselho Municipal de Turismo e d\u00e1 outras provid\u00eancias\u201d.</span></p>\r\n<p style=\"text-align: justify; \"><span>Os Projetos apresentados foram aprovados por UNANIMIDADE, com\u00a0exce\u00e7\u00e3o \u00a0do\u00a0<strong>PLC n\u00ba 028/17</strong> que teve um voto contr\u00e1rio do Vereador Aguinaldo Pires Galv\u00e3o.</span></p>\r\n<p style=\"text-align: justify; \"><span>Foram ainda apreciados 6 REQUERIMENTOS e 11 INDICA\u00c7\u00d5ES, solicitado, em sua maioria, recursos financeiros ao munic\u00edpio e melhorias para a cidade.</span></p>\r\n<p style=\"text-align: justify; \"><span><span>A reuni\u00e3o contou com a presen\u00e7a de todos os vereadores, representantes da imprensa escrita e falada e outros membros de nossa comunidade.</span></span></p>", "author_name": "adt", "version": "1.0", "author_url": "https://www.adamantina.sp.leg.br/author/adt", "provider_name": "C\u00e2mara Municipal de Adamantina", "type": "rich"}