{"provider_url": "https://www.adamantina.sp.leg.br", "title": "Resumo 12\u00aa Sess\u00e3o Extraordin\u00e1ria", "html": "<p>Hoje, 29, esta Casa de Leis realizou a 12\u00aa Sess\u00e3o Extraordin\u00e1ria desta Legislatura.</p>\r\n<p>Conforme <a class=\"external-link\" href=\"https://sapl.adamantina.sp.leg.br/media/sapl/public/materialegislativa/2021/13440/circular_055.pdf\" target=\"_blank\" title=\"\">Circular n\u00ba 055/2021</a> foi apreciado e votado, em Segunda Discuss\u00e3o e Reda\u00e7\u00e3o Final o\u00a0<b><a class=\"external-link\" href=\"https://sapl.adamantina.sp.leg.br/media/sapl/public/materialegislativa/2021/13425/plc_023_-_msg_103_-_cria_a_secretaria_municipal_de_desenvolvimento_economico.pdf\" target=\"_blank\" title=\"\">Projeto de Lei Complementar n\u00ba 023/2021</a></b>\u00a0\u2013 PM \u2013 que \u201cDisp\u00f5e sobre cria\u00e7\u00e3o da Secretaria Municipal de Desenvolvimento Econ\u00f4mico e d\u00e1 outras provid\u00eancias\u201d. O Projeto foi APROVADO.</p>\r\n<p>A reuni\u00e3o contou com a presen\u00e7a de todos os Vereadores.</p>\r\n<p>Assista na \u00edntegra a sess\u00e3o que foi transmitida em nossa\u00a0<a class=\"external-link\" href=\"https://www.facebook.com/CamaraAdamantina/videos/704967950482677\" target=\"_blank\" title=\"\">fanpage</a>.</p>\r\n<p>Toda comunidade \u00e9 convidada a acompanhar as sess\u00f5es ao vivo pelo\u00a0<a href=\"https://www.facebook.com/CamaraAdamantina\" target=\"_blank\">facebook</a>, bem como pela\u00a0R\u00e1dio Cultura, 99,3 FM, Radio Joia 93,7 FM e TV Cidade.</p>", "author_name": "", "version": "1.0", "author_url": "https://www.adamantina.sp.leg.br/author/adm", "provider_name": "C\u00e2mara Municipal de Adamantina", "type": "rich"}