{"provider_url": "https://www.adamantina.sp.leg.br", "title": "Resumo 12\u00aa Sess\u00e3o Extraordin\u00e1ria", "html": "<p style=\"text-align: justify; \">Hoje, 27, esta Casa de Leis realizou a 12\u00aa Sess\u00e3o Extraordin\u00e1ria, conforme Circular 059/17. Foram apreciados e votados os projetos abaixo:</p>\r\n<p style=\"text-align: justify; \"><b><span>EM SEGUNDA DISCUSS\u00c3O E REDA\u00c7\u00c3O FINAL</span></b></p>\r\n<p style=\"text-align: justify; \">\u00a0</p>\r\n<p style=\"text-align: justify; \"><b><span>Projeto de Lei Complementar n\u00ba 048/17</span></b> \u2013 PM \u2013 que \u201cDisp\u00f5e sobre a revoga\u00e7\u00e3o da Lei Municipal n\u00ba 2.993, de 13 de dezembro de 2001 e Lei Complementar n\u00ba 221, de 24 de setembro de 2013, que disp\u00f5e sobre a Taxa M\u00ednima de Seguran\u00e7a (Taxa de Inc\u00eandio).\u201d\u00a0<strong>(APROVADO POR UNANIMIDADE)</strong></p>\r\n<p>\u00a0</p>\r\n<p><b><span>EM DISCUSS\u00c3O \u00daNICA</span></b></p>\r\n<p>\u00a0</p>\r\n<p><b><span>Projeto de Lei Complementar n\u00ba 045/17</span></b> \u2013 PM \u2013 que \u201cDisp\u00f5e sobre autoriza\u00e7\u00e3o para que o Chefe do Poder Executivo possa outorgar Concess\u00e3o de Direito Real de Uso de Im\u00f3vel que especifica \u00e0 UNIFAI \u2013 Centro Universit\u00e1rio de Adamantina e d\u00e1 outras provid\u00eancias.\u201d\u00a0<strong>(Projeto foi rejeitado com voto contr\u00e1rio dos Vereadores Alcio Roberto Ikeda J\u00fanior, Ac\u00e1cio Rocha Perez Guerrero, Eder do Nascimento Ruete, Paulo C\u00e9sar Cervelheira de Oliveira e Jo\u00e3o Davoli. Votaram a favor os Vereadores Aguinaldo Pires Galv\u00e3o, H\u00e9lio Jos\u00e9 dos Santos e Maria de Lourdes Santos Gil)</strong></p>", "author_name": "adt", "version": "1.0", "author_url": "https://www.adamantina.sp.leg.br/author/adt", "provider_name": "C\u00e2mara Municipal de Adamantina", "type": "rich"}