{"provider_url": "https://www.adamantina.sp.leg.br", "title": "Resumo - 12\u00aa e 13\u00aa Sess\u00f5es Extraordin\u00e1rias", "html": "<p>No dia 15 de abril\u00a0 a C\u00e2mara Municipal de Adamantina realizou a 12\u00aa Sess\u00e3o Extrordin\u00e1ria desta Legislatura, bem como no dia 22 de abril a 13\u00aa Sess\u00e3o Extraordin\u00e1ria.</p>\r\n<p>Conforme <a class=\"external-link\" href=\"https://sapl.adamantina.sp.leg.br/media/sapl/public/sessaoplenaria/518/pauta/circular_017_-_12a_sessao_extraordinaria.pdf\" target=\"_blank\" title=\"\">Circular n\u00ba 017/2026</a>, foram apreciados e votados na 12\u00aa Sess\u00e3o Extraordin\u00e1ria os projetos abaixo:</p>\r\n<p><b><span>EM DISCUSS\u00c3O \u00daNICA</span></b><b>\u00a0</b></p>\r\n<p><a class=\"external-link\" href=\"https://sapl.adamantina.sp.leg.br/media/sapl/public/materialegislativa/2026/17401/26a_projeto_de_lei_024_m_028_-_altera_lei_3368_09_-_conselho_municipal_de_politica_urbana_...pdf\" target=\"_blank\" title=\"\"><b><span>Projeto de Lei n\u00ba 0</span></b><b><span>24/2026</span></b></a> \u2013 PM \u2013 que \u201cAltera o Artigo 3\u00ba da Lei Municipal n.\u00ba 3.368, de 14 de setembro de 2009, que Estrutura o Conselho Municipal de Pol\u00edtica Urbana de Adamantina e d\u00e1 outras providencias.\u201d</p>\r\n<p><b><span><a class=\"external-link\" href=\"https://sapl.adamantina.sp.leg.br/media/sapl/public/materialegislativa/2026/17446/27a_projeto_de_lei_025_m_027_-denomina_passarela_dr._alceu_adib_maluf.__pontilhao_joaquim_nabuco.pdf\" target=\"_blank\" title=\"\">Projeto de Lei n\u00ba 025/2026</a></span></b> \u2013 PM \u2013 que \u201cDisp\u00f5e sobre a denomina\u00e7\u00e3o da Passarela \u201cDr. Alceu Adib Maluf\u201d.\u201d</p>\r\n<p><b><span><a class=\"external-link\" href=\"https://sapl.adamantina.sp.leg.br/media/sapl/public/materialegislativa/2026/17447/27a_projeto_de_lei_026_m_030_-_credito_ad_cuplementar_r_350.00000_-_casa_do_garoto_-_emenda_dep_alexandre_leite.pdf\" target=\"_blank\" title=\"\">Projeto de Lei n\u00ba 026/2026</a></span></b> \u2013 PM \u2013 que \u201cDisp\u00f5e sobre autoriza\u00e7\u00e3o para a Prefeitura do Munic\u00edpio de Adamantina repassar para a Institui\u00e7\u00e3o Solid\u00e1ria Carlos Pegoraro - Casa do Garoto, recurso do Governo Federal proveniente de Emenda Parlamentar do Deputado Federal Alexandre Leite, no valor de R$ 350.000,00 e d\u00e1 outras provid\u00eancias.\u201d</p>\r\n<p><b><span><a class=\"external-link\" href=\"https://sapl.adamantina.sp.leg.br/media/sapl/public/materialegislativa/2026/17448/27a_projeto_de_lei_027_m_031_-_credito_ad_cuplementar_r150.00000_-_lar_cristao_-_emenda_dep_renata_abreu.pdf\" target=\"_blank\" title=\"\">Projeto de Lei n\u00ba 027/202</a>6</span></b> \u2013 PM \u2013 que \u201cDisp\u00f5e sobre autoriza\u00e7\u00e3o para a Prefeitura do Munic\u00edpio de Adamantina repassar para a Institui\u00e7\u00e3o Lar Crist\u00e3o de Adamantina, recurso do Governo Federal proveniente de Emenda Parlamentar da Deputada Federal Renata Abreu, no valor de R$ 150.000,00 e d\u00e1 outras provid\u00eancias.\u201d</p>\r\n<p><b><span><a class=\"external-link\" href=\"https://sapl.adamantina.sp.leg.br/media/sapl/public/materialegislativa/2026/17449/27a_projeto_de_lei_028_m_032_-_credito_adicional_suplemantar_r_115.18710_-_subvencao_assistencia_esp_media_e_alta.pdf\" target=\"_blank\" title=\"\">Projeto de Lei n\u00ba 028/2026</a></span></b> \u2013 PM \u2013 que \u201cDisp\u00f5e sobre autoriza\u00e7\u00e3o para abertura de cr\u00e9dito adicional suplementar ao Fundo Municipal de Assist\u00eancia Social, no valor de R$ 115.187,10 (cento e quinze mil, cento e oitenta e sete reais e dez centavos), destinado \u00e0 Gest\u00e3o da Prote\u00e7\u00e3o Social Especial de M\u00e9dia e Alta Complexidade, e d\u00e1 outras provid\u00eancias.\u201d</p>\r\n<p>\u00a0</p>\r\n<p><b><span>EM PRIMEIRA DISCUSS\u00c3O</span></b><span>\u00a0</span></p>\r\n<p><b><span><a class=\"external-link\" href=\"https://sapl.adamantina.sp.leg.br/media/sapl/public/materialegislativa/2026/17454/27a_projeto_de_lei_complementar_009_-_revisao_dos_vencimentos_camara.pdf\" target=\"_blank\" title=\"\">Projeto de Lei Complementar n\u00ba 009/202</a>6</span></b> \u2013 Mesa da C\u00e2mara \u2013 que \u201cDisp\u00f5e sobre a revis\u00e3o e aumento real sobre os vencimentos, sal\u00e1rios, proventos e pens\u00f5es dos servidores p\u00fablicos ativos, inativos e pensionistas da C\u00e2mara Municipal de Adamantina e d\u00e1 outras provid\u00eancias.\u201d</p>\r\n<p>\u00a0</p>\r\n<p><b><span>EM SEGUNDA DISCUSS\u00c3O E REDA\u00c7\u00c3O FINAL</span></b><span>\u00a0</span></p>\r\n<p><a class=\"external-link\" href=\"https://sapl.adamantina.sp.leg.br/media/sapl/public/materialegislativa/2026/17398/26a_projeto_de_lei_021_daniel.pdf\" target=\"_blank\" title=\"\"><b><span>Projeto de Lei n\u00ba 021/2026</span></b> </a>\u2013 Vereador Daniel Augusto da Silva Fabri \u2013 que \u201cInstitui o Programa Municipal de Conscientiza\u00e7\u00e3o e Prote\u00e7\u00e3o Animal no \u00e2mbito da Rede Municipal de Ensino de Adamantina, e d\u00e1 outras provid\u00eancias.</p>\r\n<p><b><span><a class=\"external-link\" href=\"https://sapl.adamantina.sp.leg.br/media/sapl/public/materialegislativa/2026/17399/26a_projeto_de_lei_022_daniel.pdf\" target=\"_blank\" title=\"\">Projeto de Lei n\u00ba 022/2026</a></span></b> \u2013 Vereador Daniel Augusto da Silva Fabri \u2013 que <strong>\u201c</strong>Estabelece a Pol\u00edtica Municipal de Combate aos Maus-Tratos de Animais no Munic\u00edpio de Adamantina, determina multas e d\u00e1 outras provid\u00eancias<strong>.\u201d</strong></p>\r\n<p><strong>TODOS OS PROJETOS FORAM APROVADOS.</strong></p>\r\n<p>Conforme <a class=\"external-link\" href=\"https://sapl.adamantina.sp.leg.br/media/sapl/public/sessaoplenaria/521/pauta/circular_018_-_13a_sessao_extraordinaria.pdf\" target=\"_blank\" title=\"\">Circular n\u00ba 018/2026</a>, foram apreciados e votados os projetos abaixo:\u00a0</p>\r\n<p>\u00a0</p>\r\n<p><b><span>EM SEGUNDA DISCUSS\u00c3O E REDA\u00c7\u00c3O FINAL</span></b></p>\r\n<p><b><a class=\"external-link\" href=\"https://sapl.adamantina.sp.leg.br/media/sapl/public/materialegislativa/2026/17402/26a_projeto_de_lei_complementar_008_m_029_-_dispoe_sobre_a_criacao_de_vagas_de_emprego_de_aux_atendimen...pdf\" target=\"_blank\" title=\"\">Projeto de Lei Complementar n\u00ba 008/2026</a></b><span> \u2013 PM \u2013 que \u201cDisp\u00f5e sobre a cria\u00e7\u00e3o de vagas dos empregos permanentes de Auxiliar de Atendimento Especializado e Auxiliar de Desenvolvimento Escolar, e altera\u00e7\u00e3o do Anexo I da Lei Complementar n\u00ba 467/2025, e d\u00e1 outras provid\u00eancias.\u201d</span></p>\r\n<p><b><span><a class=\"external-link\" href=\"https://sapl.adamantina.sp.leg.br/media/sapl/public/materialegislativa/2026/17454/27a_projeto_de_lei_complementar_009_-_revisao_dos_vencimentos_camara.pdf\" target=\"_blank\" title=\"\">Projeto de Lei Complementar n\u00ba 009/2026</a></span></b> \u2013 Mesa da C\u00e2mara \u2013 que \u201cDisp\u00f5e sobre a revis\u00e3o e aumento real sobre os vencimentos, sal\u00e1rios, proventos e pens\u00f5es dos servidores p\u00fablicos ativos, inativos e pensionistas da C\u00e2mara Municipal de Adamantina e d\u00e1 outras provid\u00eancias.\u201d</p>\r\n<p><strong></strong><strong>TODOS OS PROJETOS FORAM APROVADOS.</strong></p>\r\n<p>Assista na \u00edntegra a sess\u00e3o em nosso canal no YouTube:</p>\r\n<p><a class=\"external-link\" href=\"https://bit.ly/41Jv9gu\" target=\"_blank\" title=\"\">12\u00aa Sess\u00e3o Extraordin\u00e1ria</a></p>\r\n<p><a class=\"external-link\" href=\"https://bit.ly/4sUuAeL\" target=\"_blank\" title=\"\">13\u00aa Sess\u00e3o Extraordin\u00e1ria</a>.</p>\r\n<p>Ambas reuni\u00f5es contaram com\u00a0 a presen\u00e7a de todos os vereadores</p>\r\n<p>Toda comunidade \u00e9 convidada a acompanhar as sess\u00f5es ao vivo pelo\u00a0<a class=\"external-link\" href=\"https://www.facebook.com/CamaraAdamantina\" target=\"_blank\" title=\"\">facebook</a>,\u00a0bem como pela\u00a0R\u00e1dio Cultura, TV Folha Regional e nosso canal no\u00a0<a class=\"external-link\" href=\"https://youtube.com/@cmatransmissao\" target=\"_blank\" title=\"\">Youtube</a>.</p>", "author_name": "", "version": "1.0", "author_url": "https://www.adamantina.sp.leg.br/author/adm", "provider_name": "C\u00e2mara Municipal de Adamantina", "type": "rich"}