{"provider_url": "https://www.adamantina.sp.leg.br", "title": "Resumo 11\u00aa Sess\u00e3o Ordin\u00e1ria", "html": "<p>Na \u00faltima segunda-feira, 07, a C\u00e2mara Municipal de Adamantina realizou a 11\u00aa Sess\u00e3o Ordin\u00e1ria desta Legislatura.</p>\r\n<p>Conforme <a class=\"external-link\" href=\"https://sapl.adamantina.sp.leg.br/media/sapl/public/materialegislativa/2025/16696/circular_024_-_11a_sessao_ordinaria.pdf\" target=\"_blank\" title=\"\">Circular n\u00ba 024/2025</a> foram apreciados e votados os projetos como segue:</p>\r\n<p><b><span>EM DISCUSS\u00c3O \u00daNICA</span></b></p>\r\n<p><b><a class=\"external-link\" href=\"https://sapl.adamantina.sp.leg.br/media/sapl/public/materialegislativa/2025/16531/7a_ordinaria_-_projeto_de_resolucao_001.pdf\" target=\"_blank\" title=\"\">Projeto de Resolu\u00e7\u00e3o n\u00ba 001/2025</a></b><span> \u2013 Vereadores Maria Gabriela Costa Calil Bearare, Marta de Almeida Bezerra, Cid Jos\u00e9 Aparecido dos Santos e Mary Alves dos Santos \u2013 que \u201cD\u00e1 nova reda\u00e7\u00e3o ao \u00a7 3\u00ba do artigo 175 e institui o \u00a7 4\u00ba do mesmo dispositivo do Regimento Interno da C\u00e2mara Municipal de Adamantina, estabelecendo a obrigatoriedade de apresenta\u00e7\u00e3o de mensagem ampla e detalhada nos projetos de lei e d\u00e1 outras provid\u00eancias.\u201d</span></p>\r\n<p><b><span><a class=\"external-link\" href=\"https://sapl.adamantina.sp.leg.br/media/sapl/public/materialegislativa/2025/16602/8a_projeto_de_lei_no_026_m_033_-_projeto_de_lei_abertura_de_credito_suplementar_fai_-_r_100.00000.pdf\" target=\"_blank\" title=\"\">Projeto de Lei n\u00ba 026/2025</a></span></b> \u2013 PM - que \u201cDisp\u00f5e sobre autoriza\u00e7\u00e3o para abertura de cr\u00e9dito adicional suplementar ao Or\u00e7amento do Centro Universit\u00e1rio de Adamantina \u2013 FAI no valor total de R$ 100.000,00 (cem mil reais).\u201d</p>\r\n<p><b><span><a class=\"external-link\" href=\"https://sapl.adamantina.sp.leg.br/media/sapl/public/materialegislativa/2025/16660/10a_ordinaria_-_projeto_de_lei_030_-_camfra.pdf\" target=\"_blank\" title=\"\">Projeto de Lei n\u00ba 030/2025</a></span></b> \u2013 Vereadores Eder do Nascimento Ruete e Aguinaldo Pires Galv\u00e3o - que \u201cDeclara de utilidade p\u00fablica a CAMFRA \u2013 Cooperativa Agr\u00edcola Mista Familiar da Regi\u00e3o de Adamantina.\u201d</p>\r\n<p><b><span><a class=\"external-link\" href=\"https://sapl.adamantina.sp.leg.br/media/sapl/public/materialegislativa/2025/16662/10a_ordinaria_-_pl_032_m_038_-_renova_tc_fai_-_sao_carlos.pdf\" target=\"_blank\" title=\"\">Projeto de Lei n\u00ba 032/2025</a></span></b> \u2013 PM - que \u201cDisp\u00f5e sobre autoriza\u00e7\u00e3o para que o Centro Universit\u00e1rio de Adamantina possa renovar o Termo de Colabora\u00e7\u00e3o com a Irmandade da Santa Casa de Miseric\u00f3rdia de S\u00e3o Carlos, conforme Lei Municipal n. 3.983, de 26 de maio de 2020 e Lei Federal n\u00ba 13.019/14, e d\u00e1 outras provid\u00eancias.\u201d</p>\r\n<p>Todos os projetos foram aprovados.</p>\r\n<p>Ainda, foram apresentados\u00a0<strong>10 Requerimentos</strong>,\u00a0<strong>15 Indica\u00e7\u00f5es</strong> e\u00a0<strong>5 Mo\u00e7\u00f5es de Congratula\u00e7\u00f5es e Aplausos</strong>.</p>\r\n<p>A reuni\u00e3o contou com a presenta de todos os vereadores.</p>\r\n<p>Assista na \u00edntegra a sess\u00e3o em nosso Canal no\u00a0<a class=\"external-link\" href=\"https://www.youtube.com/watch?v=zEsQmntxzX0\" target=\"_blank\" title=\"\">YouTube</a>.</p>\r\n<p>A 12\u00aa Sess\u00e3o Ordin\u00e1ria ser\u00e1 realizada no dia 04 de Agosto<span>\u00a0de 2025.</span></p>\r\n<p><span>Esta Casa de Leis entrar\u00e1 em Recesso Parlamentar do dia 18 a 31 de julho.</span></p>\r\n<p><span>Toda comunidade \u00e9 convidada a acompanhar as sess\u00f5es ao vivo pelo\u00a0</span><a class=\"external-link\" href=\"https://www.facebook.com/CamaraAdamantina\" target=\"_blank\" title=\"\">facebook</a><span>,\u00a0bem como pela\u00a0R\u00e1dio Cultura e nosso canal no\u00a0</span><a class=\"external-link\" href=\"https://youtube.com/@cmatransmissao\" target=\"_blank\" title=\"\">Youtube</a><span>.</span></p>", "author_name": "", "version": "1.0", "author_url": "https://www.adamantina.sp.leg.br/author/adm", "provider_name": "C\u00e2mara Municipal de Adamantina", "type": "rich"}