{"provider_url": "https://www.adamantina.sp.leg.br", "title": "Resumo 11\u00aa Sess\u00e3o Ordin\u00e1ria", "html": "<p style=\"text-align: justify; \">Na \u00faltima segunda-feira, 05, a C\u00e2mara Municipal de Adamantina realizou a 11\u00aa Sess\u00e3o Ordin\u00e1ria.</p>\r\n<p style=\"text-align: justify; \">Conforme <a class=\"external-link\" href=\"https://sapl.adamantina.sp.leg.br/media/sapl/public/materialegislativa/2021/12731/circular_026_-_11a_ordinaria.pdf\" target=\"_blank\" title=\"\">Circular n\u00ba 026/2021</a>, foram apreciados e votados os projetos como segue:</p>\r\n<p style=\"text-align: center; \"><b><span>EM DISCUSS\u00c3O \u00daNICA</span></b></p>\r\n<p style=\"text-align: justify; \"><a class=\"external-link\" href=\"https://sapl.adamantina.sp.leg.br/media/sapl/public/materialegislativa/2021/12661/projeto_de_decreto_legislativo_003_-_contas_da_prefeitura_2019.pdf\" target=\"_blank\" title=\"\"><b>Projeto de </b><b>Decreto Legislativo n\u00ba </b><b>003/2021</b> </a>\u2013 Mesa da C\u00e2mara \u2013 \u201cDisp\u00f5e sobre a aprecia\u00e7\u00e3o das Contas da Prefeitura do Munic\u00edpio de Adamantina\u00a0 \u2013 exerc\u00edcio 2019 \u2013 TC 004845.989.19-13\u201d.</p>\r\n<p style=\"text-align: justify; \"><a class=\"external-link\" href=\"https://sapl.adamantina.sp.leg.br/media/sapl/public/materialegislativa/2021/12028/pl_015_leitura_2a_ordinaria_helio.pdf\" target=\"_blank\" title=\"\"><b><span>Projeto de Lei n\u00ba 0</span></b><b><span>15/2021</span></b></a> \u2013 Vereador H\u00e9lio Jos\u00e9 dos Santos \u2013 \u201cInstitui o Dia do Lan\u00e7amento da Campanha da Fraternidade, disp\u00f5e sobre sua comemora\u00e7\u00e3o e d\u00e1 outras provid\u00eancias\u201d.</p>\r\n<p style=\"text-align: justify; \">\u00a0</p>\r\n<p style=\"text-align: center; \"><b><span>EM SEGUNDA DISCUSS\u00c3O E REDA\u00c7\u00c3O FINAL</span></b></p>\r\n<p style=\"text-align: justify; \"><b><a class=\"external-link\" href=\"https://sapl.adamantina.sp.leg.br/media/sapl/public/materialegislativa/2021/12641/projeto_de_lei_042_-_m_040_ppa_2022-2025.pdf\" target=\"_blank\" title=\"\">Projeto de Lei n\u00ba 042/2021</a></b><span> \u2013 PM \u2013 que \u201cDisp\u00f5e sobre o Plano Plurianual do Munic\u00edpio de Adamantina para o quadri\u00eanio de 2022 a 2025 e d\u00e1 outras provid\u00eancias\u201d.\u00a0</span></p>\r\n<p style=\"text-align: justify; \"><b><span><a class=\"external-link\" href=\"https://sapl.adamantina.sp.leg.br/media/sapl/public/materialegislativa/2021/12642/projeto_de_lei_043_-_m_041-diretrizes_orcamentarias_-_ldo_2022.pdf\" target=\"_blank\" title=\"\">Projeto de Lei n\u00ba 043/2021</a></span></b> \u2013 PM \u2013 que \u201cDisp\u00f5e sobre as Diretrizes Or\u00e7ament\u00e1rias para Elabora\u00e7\u00e3o e Execu\u00e7\u00e3o da Lei Or\u00e7ament\u00e1ria para o Exerc\u00edcio Financeiro de 2022 e d\u00e1 outras provid\u00eancias\u201d.\u00a0</p>\r\n<p style=\"text-align: justify; \">TODOS OS PROJETOS FORAM APROVADOS POR UNANIMIDADE.</p>\r\n<p style=\"text-align: justify; \">Ainda, na presente sess\u00e3o, foi apreciado, o Of\u00edcio n\u00ba 323/2021/GAB, solicitando o referendo dessa Egr\u00e9gia C\u00e2mara dos indicados para Reitor e Vice-Reitor da UNIFAI \u2013 Centro Universit\u00e1rio de Adamantina. (<b>Reitor</b><span>: Profa. Dra. Marceli Mo\u00e7o Silva,\u00a0</span><b>Vice-Reitor</b><span>: Prof. Dr. F\u00e1bio Alexandre Guimar\u00e3es Botteon), o qual foi rejeitado por 5 votos a 4.</span></p>\r\n<p style=\"text-align: justify; \">Tamb\u00e9m foram apresentados\u00a0<strong>11 Requerimentos</strong>,\u00a0<strong>41 Indica\u00e7\u00f5es</strong> e\u00a0<strong>06 Mo\u00e7\u00f5es de Congratula\u00e7\u00f5es e Aplausos</strong>.</p>\r\n<p style=\"text-align: justify; \">A Sess\u00e3o contou com a presen\u00e7a de todos os Vereadores.</p>\r\n<p style=\"text-align: justify; \">A pr\u00f3xima sess\u00e3o ser\u00e1 realizada no dia 02 de agosto.</p>\r\n<p>Assista na \u00edntegra a sess\u00e3o que foi transmitida pela nossa\u00a0<a class=\"external-link\" href=\"https://www.facebook.com/CamaraAdamantina/videos/1278165565936528\" target=\"_blank\" title=\"\">fanpage</a>.</p>\r\n<p><span>Toda comunidade \u00e9 convidada a acompanhar ao vivo pelo\u00a0</span><a class=\"external-link\" href=\"https://www.facebook.com/CamaraAdamantina\" target=\"_blank\" title=\"\">facebook</a><span>, bem como pela\u00a0R\u00e1dio Cultura, 99,3 FM, Radio Joia 93,7 FM e TV Cidade.</span></p>\r\n<p style=\"text-align: justify; \">A C\u00e2mara Municipal entrar\u00e1 em recesso legislativo a partir do dia 18 at\u00e9 31 de julho.</p>", "author_name": "", "version": "1.0", "author_url": "https://www.adamantina.sp.leg.br/author/adm", "provider_name": "C\u00e2mara Municipal de Adamantina", "type": "rich"}