{"provider_url": "https://www.adamantina.sp.leg.br", "title": "Resumo 11\u00aa Sess\u00e3o Extraordin\u00e1ria", "html": "<p style=\"text-align: justify; \">Ontem, 21, esta Casa de Leis realizou a 11\u00aa Sess\u00e3o Extraordin\u00e1ria.</p>\r\n<p style=\"text-align: justify; \">Foram apreciados e votados, conforme Circular n\u00ba 058/17, os projetos abaixo:</p>\r\n<p style=\"text-align: center; \"><span><b>EM SEGUNDA DISCUSS\u00c3O E REDA\u00c7\u00c3O FINAL</b></span></p>\r\n<p style=\"text-align: justify; \"><b>Projeto de Lei n\u00ba 052/17</b><span> \u2013 PM \u2013 que \u201cEstima a Receita e Fixa a Despesa do Munic\u00edpio de Adamantina para o exerc\u00edcio de 2018.\u201d</span></p>\r\n<p style=\"text-align: justify; \"><b><span>Projeto de Lei n\u00ba 057/17</span></b> \u2013 PM \u2013 que \u201cDisp\u00f5e sobre concess\u00e3o de subven\u00e7\u00f5es, aux\u00edlios, contribui\u00e7\u00f5es e conv\u00eanios.\u201d</p>\r\n<p style=\"text-align: justify; \"><b><span>Projeto de Lei n\u00ba 059/17</span></b> \u2013 PM \u2013 que \u201cAutoriza o Poder Executivo Municipal a celebrar Conv\u00eanio com o Departamento Estadual do Tr\u00e2nsito de S\u00e3o Paulo \u2013 DETRAN \u2013 SP e d\u00e1 outras provid\u00eancias.\u201d</p>\r\n<p style=\"text-align: justify; \"><b><span>Projeto de Lei n\u00ba 060/17</span></b> \u2013 Vereadora Maria de Lourdes Santos Gil \u2013 que \u201cDisp\u00f5e sobre a denomina\u00e7\u00e3o do Centro Comunit\u00e1rio da Associa\u00e7\u00e3o de Moradores do Parque do Sol.\u201d</p>\r\n<p style=\"text-align: justify; \"><b><span>Projeto de Lei n\u00ba 063/17</span></b> \u2013 Vereador Ac\u00e1cio Rocha Perez Guerrero \u2013 \u201cDeclara de Utilidade P\u00fablica Municipal a Associa\u00e7\u00e3o da R\u00e1dio Comunit\u00e1ria Life FM\u201d e d\u00e1 outras provid\u00eancias.\u201d</p>\r\n<p style=\"text-align: justify; \"><b><span>Projeto de Lei n\u00ba 064/17</span></b> \u2013 PM \u2013 que \u201cDisp\u00f5e sobre autoriza\u00e7\u00e3o para que a UNIFAI \u2013 Centro Universit\u00e1rio de Adamantina possa formalizar Termo de Colabora\u00e7\u00e3o com a Santa Casa de Miseric\u00f3rdia de Adamantina, nos termos da Lei Federal n\u00ba 13.019/04 e suas altera\u00e7\u00f5es e d\u00e1 outras provid\u00eancias.\u201d</p>\r\n<p style=\"text-align: justify; \"><b><span>Projeto de Lei n\u00ba 065/17</span></b> \u2013 PM \u2013 que \u201cDisp\u00f5e sobre autoriza\u00e7\u00e3o para a Prefeitura do Munic\u00edpio de Adamantina realizar a abertura de cr\u00e9dito adicional suplementar e repassar \u00e0 Irmandade de Santa Casa de Miseric\u00f3rdia de Adamantina, sob a forma de aux\u00edlio, recursos financeiros do Fundo Municipal de Sa\u00fade e d\u00e1 outras provid\u00eancias.\u201d</p>\r\n<p style=\"text-align: justify; \"><b><span>Projeto de Lei Complementar n\u00ba 044/17</span></b> \u2013 PM \u2013 que \u201cDisp\u00f5e sobre as fun\u00e7\u00f5es e gratifica\u00e7\u00f5es de fun\u00e7\u00e3o para o servidor designado a orientador do P\u00f3lo da Funda\u00e7\u00e3o Universidade Virtual do Estado de S\u00e3o Paulo - UNIVESP.\u201d</p>\r\n<p style=\"text-align: justify; \"><b>Projeto de Lei Complementar n\u00ba 046/17</b><span> \u2013 PM \u2013 que \u201cDisp\u00f5e sobre autoriza\u00e7\u00e3o para o Chefe do Poder Executivo alienar, por doa\u00e7\u00e3o, \u00e0 empresa MAIART \u2013 IND\u00daSTRIA E COM\u00c9RCIO DE M\u00d3VEIS PARA ESCRIT\u00d3RIO LTDA \u2013 EPP o im\u00f3vel que especifica.\u201d</span></p>\r\n<p style=\"text-align: justify; \">\u00a0</p>\r\n<p style=\"text-align: center; \"><span><b>EM DISCUSS\u00c3O </b><b>\u00daNICA</b></span></p>\r\n<p style=\"text-align: justify; \"><b>Projeto de </b><b>Decreto Legislativo n\u00ba </b><b>003/17</b><span> \u2013 PM \u2013 que \u201cConcede ao Excelent\u00edssimo Sr. Dr. Jos\u00e9 Renato Nalini o t\u00edtulo de Cidad\u00e3o Adamantinense.\u201d</span></p>\r\n<p style=\"text-align: justify; \"><b><span>Projeto de Lei n\u00ba 067/17</span></b> \u2013 PM \u2013 que \u201cAutoriza o Poder Executivo contratar com o Desenvolve SP \u2013 Ag\u00eancia de Fomento do Estado de S\u00e3o Paulo, opera\u00e7\u00f5es de cr\u00e9dito com outorga de garantia e d\u00e1 outras provid\u00eancias.\u201d</p>\r\n<p style=\"text-align: justify; \"><b><span>Projeto de Lei n\u00ba 068/17</span></b> \u2013 PM \u2013 que \u201cInstitui o Plano Diretor de Turismo de Adamantina e d\u00e1 outras provid\u00eancias.\u201d</p>\r\n<p style=\"text-align: justify; \"><b><span>Projeto de Lei Complementar n\u00ba 047/17</span></b> \u2013 PM \u2013 que \u201cDisp\u00f5e sobre autoriza\u00e7\u00e3o para que o Chefe do Poder Executivo possa outorgar Concess\u00e3o de Uso de Im\u00f3vel que especifica ao Departamento Estadual de Tr\u00e2nsito de S\u00e3o Paulo \u2013 DETRAN \u2013 SP e d\u00e1 outras provid\u00eancias.\u201d</p>\r\n<p style=\"text-align: justify; \">\u00a0</p>\r\n<p style=\"text-align: center; \"><span><b>EM PRIMEIRA DISCUSS\u00c3O</b></span></p>\r\n<p style=\"text-align: justify; \"><b>Projeto de Lei Complementar n\u00ba 048/17</b><span> \u2013 PM \u2013 que \u201cDisp\u00f5e sobre a revoga\u00e7\u00e3o da Lei Municipal n\u00ba 2.993, de 13 de dezembro de 2001 e Lei Complementar n\u00ba 221, de 24 de setembro de 2013, que disp\u00f5e sobre a Taxa M\u00ednima de Seguran\u00e7a (Taxa de Inc\u00eandio).\u201d</span></p>\r\n<p style=\"text-align: justify; \"><span><br /></span></p>\r\n<p style=\"text-align: justify; \"><span>Todos os projetos foram aprovados conforme suas DISCUSS\u00d5ES.</span></p>\r\n<p style=\"text-align: justify; \"><span>A reuni\u00e3o contou com a presen\u00e7a de todos os vereadores.</span></p>", "author_name": "adt", "version": "1.0", "author_url": "https://www.adamantina.sp.leg.br/author/adt", "provider_name": "C\u00e2mara Municipal de Adamantina", "type": "rich"}