{"provider_url": "https://www.adamantina.sp.leg.br", "title": "Resumo 11\u00aa Extraordin\u00e1ria", "html": "<p style=\"text-align: justify; \">Hoje, a C\u00e2mara Municipal de Adamantina realizou a 11\u00aa Sess\u00e3o Extraordin\u00e1ria desta Legislatura.</p>\r\n<p style=\"text-align: justify; \">Conforme <a class=\"external-link\" href=\"https://sapl.adamantina.sp.leg.br/media/sapl/public/materialegislativa/2021/13436/circular_054_11a_extra.pdf\" target=\"_blank\" title=\"\">Circular n\u00ba 054/21</a> foram apreciados e votados:</p>\r\n<p style=\"text-align: center; \"><b><span>EM DISCUSS\u00c3O \u00daNICA</span></b></p>\r\n<p style=\"text-align: justify; \"><b><a class=\"external-link\" href=\"https://sapl.adamantina.sp.leg.br/media/sapl/public/materialegislativa/2021/13423/pl_091_-_msg_102_-_cria_o_conselho_do_trabalho_emprego_e_renda.pdf\" target=\"_blank\" title=\"\">Projeto de Lei n\u00ba 091/2021</a></b><span> \u2013 PM \u2013 que \u201cCria o Conselho Municipal do Trabalho, Emprego e Renda e o Fundo Municipal do Trabalho, Emprego e Renda do Munic\u00edpio de Adamantina e d\u00e1 outras provid\u00eancias\u201d. <strong>(APROVADO POR UNANIMIDADE)</strong></span></p>\r\n<p style=\"text-align: justify; \"><b><span><a class=\"external-link\" href=\"https://sapl.adamantina.sp.leg.br/media/sapl/public/materialegislativa/2021/13424/pl_092_-_msg_104_-_declara_de_utilidade_publica_-_associacao_lar_sao_francisco_de_assis_na_providencia_de_deus.pdf\" target=\"_blank\" title=\"\">Projeto de Lei n\u00ba 092/2021</a></span></b> \u2013 PM \u2013 que \u201cDeclara de utilidade p\u00fablica a Santa Casa de Miseric\u00f3rdia de Adamantina na Provid\u00eancia de Deus \u2013 gerida pela da Associa\u00e7\u00e3o Lar S\u00e3o Francisco de Assis na Provid\u00eancia de Deus\u201d.\u00a0<strong>(APROVADO POR UNANIMIDADE)</strong></p>\r\n<p style=\"text-align: justify; \">\u00a0</p>\r\n<p style=\"text-align: center; \"><b><span>EM SEGUNDA DISCUSS\u00c3O E REDA\u00c7\u00c3O FINAL</span></b></p>\r\n<p style=\"text-align: justify; \"><b><a class=\"external-link\" href=\"https://sapl.adamantina.sp.leg.br/media/sapl/public/materialegislativa/2021/13357/20a_ordinaria_-_pl_088.pdf\" target=\"_blank\" title=\"\">Projeto de Lei n\u00ba 088/2021</a></b><span> \u2013 Vereador Paulo C\u00e9sar Cervelheira de Oliveira e H\u00e9lio Jos\u00e9 dos Santos \u2013 que \u201cInstitui a Semana Municipal da Consci\u00eancia Negra e de A\u00e7\u00e3o Antirracista no Munic\u00edpio de Adamantina e d\u00e1 outras provid\u00eancias\u201d.\u00a0</span><strong>(APROVADO POR UNANIMIDADE)</strong></p>\r\n<p style=\"text-align: justify; \"><b><span><a class=\"external-link\" href=\"https://sapl.adamantina.sp.leg.br/media/sapl/public/materialegislativa/2021/13360/plc_022_-_msg_099_-_projeto_de_lei_-altera_a_lei_2_328_ctm_-_iss.pdf\" target=\"_blank\" title=\"\">Projeto de Lei Complementar n\u00ba 022/2021</a></span></b> \u2013 PM \u2013 que \u201cDisp\u00f5e sobre altera\u00e7\u00e3o II do \u00a7 2<sup>o</sup> do artigo 93 e do Anexo I, da Lei 2.328 de 28 de dezembro de 1990\u201d. (C\u00f3digo Tribut\u00e1rio)\u00a0<strong>(APROVADO POR UNANIMIDADE)</strong></p>\r\n<p style=\"text-align: justify; \"><b><br /></b></p>\r\n<p style=\"text-align: center; \"><b>EM PRIMEIRA DISCUSS\u00c3O</b></p>\r\n<p style=\"text-align: justify; \"><b><a class=\"external-link\" href=\"https://sapl.adamantina.sp.leg.br/media/sapl/public/materialegislativa/2021/13180/plc_013_-_msg_079_-_reorganiza_o_plano_de_carreira_do_magisterio.pdf\" target=\"_blank\" title=\"\">Projeto de Lei Complementar n\u00ba 013/21</a></b><span> \u2013 PM \u2013 que \u201cReorganiza o Plano de Carreira e Remunera\u00e7\u00e3o do Magist\u00e9rio P\u00fablico Municipal de Adamantina e d\u00e1 provid\u00eancias correlatas\u201d.\u00a0<strong>(RETIRADO PARA MELHORES ESTUDOS)</strong></span><strong><span>\u00a0</span></strong></p>\r\n<p style=\"text-align: justify; \"><b><span><a class=\"external-link\" href=\"https://sapl.adamantina.sp.leg.br/media/sapl/public/materialegislativa/2021/13425/plc_023_-_msg_103_-_cria_a_secretaria_municipal_de_desenvolvimento_economico.pdf\" target=\"_blank\" title=\"\">Projeto de Lei Complementar n\u00ba 023/2021</a></span></b> \u2013 PM \u2013 que \u201cDisp\u00f5e sobre cria\u00e7\u00e3o da Secretaria Municipal de Desenvolvimento Econ\u00f4mico e d\u00e1 outras provid\u00eancias\u201d <strong>(APROVADO)</strong></p>\r\n<p style=\"text-align: justify; \"><strong><br /></strong></p>\r\n<p>A reuni\u00e3o contou com a presen\u00e7a de todos os Vereadores.</p>\r\n<p>Assista na \u00edntegra a sess\u00e3o que foi transmitida em nossa\u00a0<a class=\"external-link\" href=\"https://www.facebook.com/watch/live/?ref=watch_permalink&amp;v=1288900028255569\" target=\"_blank\" title=\"\">fanpage</a>.</p>\r\n<p><span>Toda comunidade \u00e9 convidada a acompanhar as sess\u00f5es ao vivo pelo\u00a0</span><a class=\"external-link\" href=\"https://www.facebook.com/CamaraAdamantina\" target=\"_blank\" title=\"\">facebook</a><span>, bem como pela\u00a0R\u00e1dio Cultura, 99,3 FM, Radio Joia 93,7 FM e TV Cidade.</span></p>", "author_name": "", "version": "1.0", "author_url": "https://www.adamantina.sp.leg.br/author/adm", "provider_name": "C\u00e2mara Municipal de Adamantina", "type": "rich"}