{"provider_url": "https://www.adamantina.sp.leg.br", "title": "Resumo 10\u00aa Sess\u00e3o Ordin\u00e1ria", "html": "<p style=\"text-align: justify; \">No dia 16 de junho, a C\u00e2mara Municipal de Adamantina realizou a 10\u00aa Sess\u00e3o Ordin\u00e1ria desta Legislatura..</p>\r\n<p style=\"text-align: justify; \">Conforme <a class=\"external-link\" href=\"https://sapl.adamantina.sp.leg.br/media/sapl/public/materialegislativa/2025/16663/circular_021_-_10a_sessao_ordinaria.pdf\" target=\"_blank\" title=\"\">Circular n\u00ba 021/2025</a>, foram apreciados e votados os projetos como segue:</p>\r\n<p style=\"text-align: justify; \"><b><span>EM DISCUSS\u00c3O \u00daNICA</span></b></p>\r\n<p style=\"text-align: justify; \"><b><a class=\"external-link\" href=\"https://sapl.adamantina.sp.leg.br/media/sapl/public/materialegislativa/2025/16659/oficio_195-gab_-_encaminhamento_do_referendo.pdf\" target=\"_blank\" title=\"\">Of\u00edcio n\u00ba 195/2025/GAB</a></b><span>, solicitando ao Poder Legislativo \u201cad referendum\u201d ao Reitor e Vice-Reitor a FAI \u2013 Centro Universit\u00e1rio de Adamantina \u2013 Reitor Prof. Dr. Alexandre Teixeira de Souza e Vice-Reitor Prof. Dr. Wendel Cl\u00e9ber Soares, para o quadri\u00eanio de 01 de julho de 2025 a 30 de junho de 2029.</span></p>\r\n<p style=\"text-align: justify; \"><b><span><a class=\"external-link\" href=\"https://sapl.adamantina.sp.leg.br/media/sapl/public/materialegislativa/2025/16626/9a_ordinaria_-_projeto_de_lei_028_casa.pdf\" target=\"_blank\" title=\"\">Projeto de Lei n\u00ba 028/2025</a></span></b> \u2013 Vereador Eder do Nascimento Ruete \u2013 que \u201cDeclara de utilidade p\u00fablica a CASA - Centro Associativo de Suporte para a Apicultura.\u201d</p>\r\n<p style=\"text-align: justify; \"><b><span><a class=\"external-link\" href=\"https://sapl.adamantina.sp.leg.br/media/sapl/public/materialegislativa/2025/16627/9a_ordinaria_-_projeto_de_lei_029_-_m_036.pdf\" target=\"_blank\" title=\"\">Projeto de Lei n\u00ba 029/2025</a></span></b> \u2013 PM \u2013 que \u201cDisp\u00f5e sobre autoriza\u00e7\u00e3o para abertura de cr\u00e9dito especial ao Or\u00e7amento da Prefeitura do Munic\u00edpio de Adamantina no valor total de R$ 1.052.716,12 (Constru\u00e7\u00e3o de Ciclovia) e d\u00e1 outras provid\u00eancias.\u201d</p>\r\n<p style=\"text-align: justify; \">\u00a0</p>\r\n<p style=\"text-align: justify; \"><b><span>EM PRIMEIRA DISCUSS\u00c3O</span></b></p>\r\n<p style=\"text-align: justify; \"><b><a class=\"external-link\" href=\"https://sapl.adamantina.sp.leg.br/media/sapl/public/materialegislativa/2025/16628/9a_ordinaria_-_projeto_de_lei_complementar_011_reestruturacao.pdf\" target=\"_blank\" title=\"\">Projeto de Lei Complementar n\u00ba 011/2025</a></b><span> \u2013 Mesa da C\u00e2mara \u2013 que \u201cDisp\u00f5e sobre a inclus\u00e3o de novo requisito para ocupa\u00e7\u00e3o do emprego p\u00fablico de Digitador e sobre reestrutura\u00e7\u00e3o com altera\u00e7\u00e3o da refer\u00eancia inicial do emprego p\u00fablico de Digitador e d\u00e1 outras provid\u00eancias.\u201d</span></p>\r\n<p style=\"text-align: justify; \"><b><span><a class=\"external-link\" href=\"https://sapl.adamantina.sp.leg.br/media/sapl/public/materialegislativa/2025/16629/9a_ordinaria_-_projeto_de_lei_complementar_012_novas_atribuicoes_de_digitador.pdf\" target=\"_blank\" title=\"\">Projeto de Lei Complementar n\u00ba 012/2025</a></span></b> \u2013 Mesa da C\u00e2mara \u2013 que \u201cDisp\u00f5e sobre a inclus\u00e3o de novas atribui\u00e7\u00f5es ao emprego p\u00fablico efetivo de Digitador, alterando o anexo I da Lei Complementar n\u00ba 408/2022.\u201d</p>\r\n<p style=\"text-align: justify; \">\u00a0</p>\r\n<p style=\"text-align: justify; \"><b><span>EM SEGUNDA DISCUSS\u00c3O E REDA\u00c7\u00c3O FINAL</span></b></p>\r\n<p style=\"text-align: justify; \"><b><a class=\"external-link\" href=\"https://sapl.adamantina.sp.leg.br/media/sapl/public/materialegislativa/2025/16600/projeto_de_emenda_a_loma_002.pdf\" target=\"_blank\" title=\"\">Projeto de Emenda \u00e0 LOMA n\u00ba 002/2025</a></b><span> \u2013 Vereadores Maria Gabriela Costa Calil Bearare, Mary Alves dos Santos, Marta de Almeida Bezerra e Cid Jos\u00e9 Aparecido dos Santos \u2013 que \u201cDisp\u00f5e sobre o acr\u00e9scimo do inciso IX do artigo 82, da Subse\u00e7\u00e3o VI \u2013 Dos Direitos e Deveres, da Lei Org\u00e2nica do Munic\u00edpio de Adamantina - LOMA\u201d.</span></p>\r\n<p style=\"text-align: justify; \"><span>Todos os projetos foram aprovados.</span></p>\r\n<p style=\"text-align: justify; \"><span>Ainda, foram apresentados,\u00a0<strong>7 Requerimentos</strong>,\u00a0<strong>18 Indica\u00e7\u00f5es</strong> e\u00a0<strong>4 Mo\u00e7\u00f5es de Congratula\u00e7\u00f5es e Aplausos</strong>.</span></p>\r\n<p style=\"text-align: justify; \"><span>A reuni\u00e3o contou com a presenta de todos os vereadores.</span></p>\r\n<p>Assista na \u00edntegra a sess\u00e3o em nosso Canal no\u00a0<a class=\"external-link\" href=\"https://www.youtube.com/watch?v=ZbK4RpLQigY&amp;t=3791s\" target=\"_blank\" title=\"\">YouTube</a>.</p>\r\n<p>A 11\u00aa Sess\u00e3o Ordin\u00e1ria ser\u00e1 realizada no dia 07 de julho de 2025.</p>\r\n<p>Toda comunidade \u00e9 convidada a acompanhar as sess\u00f5es ao vivo pelo\u00a0<a class=\"external-link\" href=\"https://www.facebook.com/CamaraAdamantina\" target=\"_blank\" title=\"\">facebook</a>,\u00a0bem como pela\u00a0R\u00e1dio Cultura e nosso canal no\u00a0<a class=\"external-link\" href=\"https://youtube.com/@cmatransmissao\" target=\"_blank\" title=\"\">Youtube</a>.</p>\r\n<p style=\"text-align: justify; \"><span><br /></span></p>", "author_name": "", "version": "1.0", "author_url": "https://www.adamantina.sp.leg.br/author/adm", "provider_name": "C\u00e2mara Municipal de Adamantina", "type": "rich"}