{"provider_url": "https://www.adamantina.sp.leg.br", "title": "Resumo 10\u00aa Sess\u00e3o Ordin\u00e1ria", "html": "<p style=\"text-align: justify; \">Na \u00faltima segunda-feira, dia 21, esta Casa de Leis realizou a 10\u00aa Sess\u00e3o Ordin\u00e1ria desta Legislatura.</p>\r\n<p style=\"text-align: justify; \">Conforme <a class=\"external-link\" href=\"https://sapl.adamantina.sp.leg.br/media/sapl/public/materialegislativa/2021/12659/1624041951882_1624041915368_circular_024_-_10a_sessao_ordinaria.pdf\" target=\"_blank\" title=\"\">Circular n\u00ba 024/21</a> foram votados os projetos como segue:</p>\r\n<p style=\"text-align: justify; \"><b><span>EM DISCUSS\u00c3O \u00daNICA</span></b></p>\r\n<p style=\"text-align: justify; \"><b><a class=\"external-link\" href=\"https://sapl.adamantina.sp.leg.br/media/sapl/public/materialegislativa/2021/12643/projeto_de_lei_044_-_m_042_-_credito_especial_unifai_-_r_45.00000_-_siafic.pdf\" target=\"_blank\" title=\"\">Projeto de Lei n\u00ba 044/2021</a></b><span> \u2013 PM \u2013 que \u201cDisp\u00f5e sobre autoriza\u00e7\u00e3o para </span><i>abertura de cr\u00e9dito adicional especial </i><span>ao Or\u00e7amento da Prefeitura do Munic\u00edpio de Adamantina no valor total de R$ 45.000,00 (quarenta e cinco mil reais), para pagamento de contrato de presta\u00e7\u00e3o de servi\u00e7os tecnologia de informa\u00e7\u00e3o\u201d.\u00a0<span>(APROVADO POR UNANIMIDADE)</span></span></p>\r\n<p style=\"text-align: justify; \"><b><span><a class=\"external-link\" href=\"https://sapl.adamantina.sp.leg.br/media/sapl/public/materialegislativa/2021/12644/projeto_de_lei_045_-_m_043_-_abertura_de_credito_r_70.00000_muro_do_creas.pdf\" target=\"_blank\" title=\"\">Projeto de Lei n\u00ba 045/2021</a></span></b> \u2013 PM \u2013 que \u201cDisp\u00f5e sobre autoriza\u00e7\u00e3o para <i>abertura de cr\u00e9dito adicional suplementar </i>ao Or\u00e7amento da Prefeitura do Munic\u00edpio de Adamantina no valor total de R$ 95.000,00 e d\u00e1 outras provid\u00eancias, para reforma do pr\u00e9dio do CREAS \u2013 Centro de Ref. Especializada de Assist\u00eancia Social\u201d. (APROVADO POR UNANIMIDADE)</p>\r\n<p style=\"text-align: justify; \"><b><span><a class=\"external-link\" href=\"https://sapl.adamantina.sp.leg.br/media/sapl/public/materialegislativa/2021/12645/projeto_de_lei_046_-_m_044_-_abertura_de_credito_r_135.00000_-_meio_ambiente.pdf\" target=\"_blank\" title=\"\">Projeto de Lei n\u00ba 046/2021</a></span></b> \u2013 PM \u2013 que \u201cDisp\u00f5e sobre autoriza\u00e7\u00e3o para <i>abertura de cr\u00e9dito adicional suplementar </i>ao Or\u00e7amento da Prefeitura do Munic\u00edpio de Adamantina no valor total de R$135.000,00 e d\u00e1 outras provid\u00eancias, para cobrir despesas correntes da Secretaria\u201d.\u00a0<span>(APROVADO POR UNANIMIDADE)</span></p>\r\n<p style=\"text-align: justify; \"><b><span><a class=\"external-link\" href=\"https://sapl.adamantina.sp.leg.br/media/sapl/public/materialegislativa/2021/12646/projeto_de_lei_047_-_m_045_-_abertura_de_credito_r_350.00000__-_educacao.pdf\" target=\"_blank\" title=\"\">Projeto de Lei n\u00ba 047/2021</a></span></b> \u2013 PM \u2013 \u201cDisp\u00f5e sobre autoriza\u00e7\u00e3o para <i>abertura de cr\u00e9dito adicional suplementar </i>ao Or\u00e7amento da Prefeitura do Munic\u00edpio de Adamantina no valor total de R$ 350.000,00 e d\u00e1 outras provid\u00eancias, para cobrir despesas correntes da Secretaria\u201d.\u00a0<span>(APROVADO POR UNANIMIDADE)</span></p>\r\n<p style=\"text-align: justify; \"><b><span><a class=\"external-link\" href=\"https://sapl.adamantina.sp.leg.br/media/sapl/public/materialegislativa/2021/12647/projeto_de_lei_048_-_m_046_-_abertura_de_credito_r_50000000_-_cesta_basica.pdf\" target=\"_blank\" title=\"\">Projeto de Lei n\u00ba 048/2021</a></span></b> \u2013 PM \u2013 \u201cDisp\u00f5e sobre autoriza\u00e7\u00e3o para <i>abertura de cr\u00e9dito adicional suplementar </i>ao Or\u00e7amento da Prefeitura do Munic\u00edpio de Adamantina no valor total de R$300.000,00 e d\u00e1 outras provid\u00eancias, pra compra de cestas b\u00e1sicas \u00e0s pessoas carentes, em virtude da pandemia do Coronav\u00edrus\u201d.\u00a0<span>(APROVADO POR UNANIMIDADE)</span></p>\r\n<p style=\"text-align: justify; \"><b><span><a class=\"external-link\" href=\"https://sapl.adamantina.sp.leg.br/media/sapl/public/materialegislativa/2021/12649/projeto_de_lei_049_-_m_047_-_abertura_de_credito_r1.155.00000_-_portaria_3885.20.pdf\" target=\"_blank\" title=\"\">Projeto de Lei n\u00ba 049/2021</a></span></b> \u2013 PM \u2013 \u201cDisp\u00f5e so/bre autoriza\u00e7\u00e3o para <i>abertura de cr\u00e9dito adicional suplementar </i>ao Or\u00e7amento da Prefeitura do Munic\u00edpio de Adamantina no valor total de R$ 1.155.000,00 e d\u00e1 outras provid\u00eancias, recurso federal para incremento da assist\u00eancia m\u00e9dica de alta complexidade.\u201d\u00a0<span>(APROVADO POR UNANIMIDADE)</span></p>\r\n<p style=\"text-align: justify; \"><b><span><a class=\"external-link\" href=\"https://sapl.adamantina.sp.leg.br/media/sapl/public/materialegislativa/2021/12650/projeto_de_lei_050_-_m_048_-_abertura_de_credito_suplementar_unifai_-_r_50000000.pdf\" target=\"_blank\" title=\"\">Projeto de Lei n\u00ba 050/2021</a></span></b> \u2013 PM \u2013 \u201cDisp\u00f5e sobre autoriza\u00e7\u00e3o para <i>abertura de cr\u00e9dito adicional suplementar </i>ao Or\u00e7amento da Prefeitura do Munic\u00edpio de Adamantina no valor total de R$ 500.000,00 (quinhentos mil reais), para compra de equipamentos de seguran\u00e7a no Campus II da UNIFAI\u201d.\u00a0<span>(APROVADO)</span></p>\r\n<p style=\"text-align: justify; \"><b><br /></b></p>\r\n<p style=\"text-align: justify; \"><b>EM PRIMEIRA DISCUSS\u00c3O</b></p>\r\n<p style=\"text-align: justify; \"><b><a class=\"external-link\" href=\"https://sapl.adamantina.sp.leg.br/media/sapl/public/materialegislativa/2021/12641/projeto_de_lei_042_-_m_040_ppa_2022-2025.pdf\" target=\"_blank\" title=\"\">Projeto de Lei n\u00ba 042/2021</a></b><span> \u2013 PM \u2013 que \u201cDisp\u00f5e sobre o Plano Plurianual do Munic\u00edpio de Adamantina para o quadri\u00eanio de 2022 a 2025 e d\u00e1 outras provid\u00eancias\u201d.\u00a0<span>(APROVADO POR UNANIMIDADE)</span></span></p>\r\n<p style=\"text-align: justify; \"><b><span><a class=\"external-link\" href=\"https://sapl.adamantina.sp.leg.br/media/sapl/public/materialegislativa/2021/12642/projeto_de_lei_043_-_m_041-diretrizes_orcamentarias_-_ldo_2022.pdf\" target=\"_blank\" title=\"\">Projeto de Lei n\u00ba 043/2021</a></span></b> \u2013 PM \u2013 que \u201c<em>Disp\u00f5e sobre as Diretrizes Or\u00e7ament\u00e1rias para Elabora\u00e7\u00e3o e Execu\u00e7\u00e3o da Lei Or\u00e7ament\u00e1ria para o Exerc\u00edcio Financeiro de 2022 e d\u00e1 outras provid\u00eancias</em>\u201d.\u00a0<span>(APROVADO POR UNANIMIDADE)</span></p>\r\n<p style=\"text-align: justify; \">Despachado para a Ordem do Dia para ser apreciado, o Of\u00edcio n\u00ba 292/2021/GAB, solicitando o referendo dessa Egr\u00e9gia C\u00e2mara dos indicados para Reitor e Vice-Reitor da UNIFAI \u2013 Centro Universit\u00e1rio de Adamantina, (<b>Reitor</b><span>: Prof. Dr. Vagner Amado Belo de Oliveira e\u00a0</span><b>Vice-Reitor</b><span>: Prof. Dr. Albanir Gabriel Borrasca.), foi REJEITADO POR 5 VOTOS.</span></p>\r\n<p style=\"text-align: justify; \"><span>Ainda, foram apreciados e votados\u00a0<strong>8 Requerimentos</strong> e\u00a0<strong>37 Indica\u00e7\u00f5es</strong>.</span></p>\r\n<p style=\"text-align: justify; \"><span>A reuni\u00e3o contou com a presen\u00e7a de todos os Vereadores</span></p>\r\n<p>Assista na \u00edntegra a sess\u00e3o que foi transmitida pela nossa\u00a0<a class=\"external-link\" href=\"https://www.facebook.com/CamaraAdamantina/videos/2628049867496072\" target=\"_blank\" title=\"\">fanpage</a>.</p>\r\n<p>A 11\u00aa Sess\u00e3o Ordin\u00e1ria, realizar-se-\u00e1 no dia 05 de julho de 2021.</p>\r\n<p>Toda comunidade \u00e9 convidada a acompanhar ao vivo pelo\u00a0<a class=\"external-link\" href=\"https://www.facebook.com/CamaraAdamantina\" target=\"_blank\" title=\"\">facebook</a>, bem como pela\u00a0R\u00e1dio Cultura, 99,3 FM, Radio Joia 93,7 FM e TV Cidade.</p>", "author_name": "", "version": "1.0", "author_url": "https://www.adamantina.sp.leg.br/author/adm", "provider_name": "C\u00e2mara Municipal de Adamantina", "type": "rich"}